{"id":989,"date":"2008-08-02T14:41:55","date_gmt":"2008-08-02T12:41:55","guid":{"rendered":"http:\/\/www.mn-nachrichten.de\/?p=989"},"modified":"2008-08-02T14:41:55","modified_gmt":"2008-08-02T12:41:55","slug":"union-sylfaen-janeker-wiedergewahlt","status":"publish","type":"post","link":"https:\/\/www.mn-nachrichten.de\/?p=989","title":{"rendered":"[Union Sylfaen] Janeker wiedergew\u00e4hlt!"},"content":{"rendered":"<p><strong>Sylfaen City:<\/strong> Bei den Wahlen zum Unionskanzler konnte der derzeitige Amtsinhaber und DSP-Spitzenkandidat Thomas Janeker seine wiederwahl feiern. Seine Gegenkandidaten erreichten ein eher beschauliches Ergebnis. Allerdings kam es bei der Wahl zu ungereihmt heiten da zwei Staatsb\u00fcrger mit den gleichen Wahlunterlagen erschienen. Das Problem wurde gel\u00f6st und die Wahl konnte dennoch weitergef\u00fchrt werden. Janeker selbst \u00e4u\u00dferte sich nur mit kurzen Worten zu seiner nunmehr 4 Amtszeit und meinte: M\u00f6gen diese Geistig, Menschlich oder sonstwas sein. Wir wollen neue und vorallem bessere Grenzen in unserem Alltag, dem Alltag der Union Sylfaen schaffen. Daf\u00fcr haben sie uns schlie\u00dflich auch gew\u00e4hlt!&#8220; Janeker stellte seine neue Legislatur Periode unter das Motto: &#8222;Aufbruch zu neuen Grenzen&#8220; und stellte das bisher erreichte f\u00fcr nicht selbstverst\u00e4ndlich da. Allgemein gab es bisher in der Union positive R\u00fcckmeldungen auf das Wahlergebnis!<\/p>\n","protected":false},"excerpt":{"rendered":"<p>Sylfaen City: Bei den Wahlen zum Unionskanzler konnte der derzeitige Amtsinhaber und DSP-Spitzenkandidat Thomas Janeker seine wiederwahl feiern. Seine Gegenkandidaten erreichten ein eher beschauliches Ergebnis. Allerdings kam es bei der Wahl zu ungereihmt heiten da zwei Staatsb\u00fcrger mit den gleichen Wahlunterlagen erschienen. Das Problem wurde gel\u00f6st und die Wahl konnte dennoch weitergef\u00fchrt werden. Janeker selbst [&hellip;]<\/p>\n","protected":false},"author":110,"featured_media":0,"comment_status":"open","ping_status":"closed","sticky":false,"template":"","format":"standard","meta":{"_crdt_document":"","footnotes":""},"categories":[86],"tags":[],"class_list":["post-989","post","type-post","status-publish","format-standard","hentry","category-untergegangen"],"_links":{"self":[{"href":"https:\/\/www.mn-nachrichten.de\/index.php?rest_route=\/wp\/v2\/posts\/989","targetHints":{"allow":["GET"]}}],"collection":[{"href":"https:\/\/www.mn-nachrichten.de\/index.php?rest_route=\/wp\/v2\/posts"}],"about":[{"href":"https:\/\/www.mn-nachrichten.de\/index.php?rest_route=\/wp\/v2\/types\/post"}],"author":[{"embeddable":true,"href":"https:\/\/www.mn-nachrichten.de\/index.php?rest_route=\/wp\/v2\/users\/110"}],"replies":[{"embeddable":true,"href":"https:\/\/www.mn-nachrichten.de\/index.php?rest_route=%2Fwp%2Fv2%2Fcomments&post=989"}],"version-history":[{"count":0,"href":"https:\/\/www.mn-nachrichten.de\/index.php?rest_route=\/wp\/v2\/posts\/989\/revisions"}],"wp:attachment":[{"href":"https:\/\/www.mn-nachrichten.de\/index.php?rest_route=%2Fwp%2Fv2%2Fmedia&parent=989"}],"wp:term":[{"taxonomy":"category","embeddable":true,"href":"https:\/\/www.mn-nachrichten.de\/index.php?rest_route=%2Fwp%2Fv2%2Fcategories&post=989"},{"taxonomy":"post_tag","embeddable":true,"href":"https:\/\/www.mn-nachrichten.de\/index.php?rest_route=%2Fwp%2Fv2%2Ftags&post=989"}],"curies":[{"name":"wp","href":"https:\/\/api.w.org\/{rel}","templated":true}]}}