{"id":9811,"date":"2024-04-05T21:54:58","date_gmt":"2024-04-05T19:54:58","guid":{"rendered":"https:\/\/www.mn-nachrichten.de\/?p=9811"},"modified":"2024-04-05T21:54:58","modified_gmt":"2024-04-05T19:54:58","slug":"patt-bei-den-stichwahlen-praesidentin-zeleva-kann-keine-mehrheit-erringen-und-kuendigt-rueckzug-an","status":"publish","type":"post","link":"https:\/\/www.mn-nachrichten.de\/?p=9811","title":{"rendered":"Patt bei den Stichwahlen: Pr\u00e4sidentin \u017deleva kann keine Mehrheit erringen und k\u00fcndigt R\u00fcckzug an"},"content":{"rendered":"\n<p class=\"wp-block-paragraph\">Nach einem nervenaufreibenden Wahlkampf und einer aufgeladenen Stimmung in Severanien endeten die Stichwahlen zum Amt des Pr\u00e4sidenten in einem \u00fcberraschenden Patt. Die amtierende Pr\u00e4sidentin \u017deleva von der sozialistischen Jedinstvo konnte trotz intensiver Bem\u00fchungen keine Mehrheit f\u00fcr sich gewinnen, was zu einer Pattsituation f\u00fchrte und die Bundesversammlung nun dazu zwingt, die n\u00e4chsten Pr\u00e4sidentin zu w\u00e4hlen.<\/p>\n\n\n\n<p class=\"wp-block-paragraph\">Die Spannung war in Severanien f\u00f6rmlich greifbar, als die Ergebnisse der Stichwahlen eintrafen. \u017deleva  k\u00e4mpfte hart, um ihre Position zu verteidigen, doch die W\u00e4hler entschieden sich in einem knappen Rennen f\u00fcr eine Sackgasse. Weder \u017deleva noch ihre Konkurrentin Bajramovi\u0107 von der liberalen PROGRES konnten die erforderliche Mehrheit erreichen.\u00a0<\/p>\n\n\n\n<figure class=\"wp-block-image size-full\"><a href=\"https:\/\/www.mn-nachrichten.de\/wp-content\/2024\/04\/blagz.jpg\"><img loading=\"lazy\" decoding=\"async\" width=\"600\" height=\"363\" src=\"https:\/\/www.mn-nachrichten.de\/wp-content\/2024\/04\/blagz.jpg\" alt=\"\" class=\"wp-image-9812\" srcset=\"https:\/\/www.mn-nachrichten.de\/wp-content\/2024\/04\/blagz.jpg 600w, https:\/\/www.mn-nachrichten.de\/wp-content\/2024\/04\/blagz-300x182.jpg 300w\" sizes=\"auto, (max-width: 600px) 100vw, 600px\" \/><\/a><\/figure>\n\n\n\n<p class=\"wp-block-paragraph\">Schon kurz danach meldete sich die Pr\u00e4sidentin zu Wort und k\u00fcndigte ihren R\u00fcckzug an.&nbsp;<\/p>\n\n\n\n<p class=\"wp-block-paragraph\">Nun liegt die Zukunft Severaniens in den H\u00e4nden der Bundesversammlung, die nun die Verantwortung hat, einen neuen Pr\u00e4sidenten zu w\u00e4hlen. Dies ist ein historischer Moment f\u00fcr das Land, da es das erste Mal ist, dass die Bundesversammlung diese Aufgabe \u00fcbernehmen muss.&nbsp;<\/p>\n\n\n\n<p class=\"wp-block-paragraph\">Vorausgegangen war vor wenigen Wochen die erste Runde der Wahl in welcher die Amtsinhaberin zwar gewann, jedoch weit hinter den Erwartungen der eigenen Partei zur\u00fcckblieb und mit nur wenig Abstand zur liberalen Herausforderin. Erwartet wurde, dass die nationalistischen W\u00e4hler, deren Kandidat Popovi\u0107 in der ersten Runde ausschied zwar mehrheitlich eher der Jedinstvo die Stimme geben w\u00fcrden, dieser gab allerdings keine Wahlempfehlung, so dass vermutlich viele NAPRED-Anh\u00e4nger erst gar nicht zur Wahl gingen.&nbsp;<\/p>\n","protected":false},"excerpt":{"rendered":"<p>Nach einem nervenaufreibenden Wahlkampf und einer aufgeladenen Stimmung in Severanien endeten die Stichwahlen zum Amt des Pr\u00e4sidenten in einem \u00fcberraschenden Patt. Die amtierende Pr\u00e4sidentin \u017deleva von der sozialistischen Jedinstvo konnte trotz intensiver Bem\u00fchungen keine Mehrheit f\u00fcr sich gewinnen, was zu einer Pattsituation f\u00fchrte und die Bundesversammlung nun dazu zwingt, die n\u00e4chsten Pr\u00e4sidentin zu w\u00e4hlen. Die [&hellip;]<\/p>\n","protected":false},"author":196,"featured_media":9812,"comment_status":"closed","ping_status":"","sticky":false,"template":"","format":"standard","meta":{"_crdt_document":"","footnotes":""},"categories":[88],"tags":[653,145],"class_list":["post-9811","post","type-post","status-publish","format-standard","has-post-thumbnail","hentry","category-severanien","tag-severanien","tag-wahl"],"_links":{"self":[{"href":"https:\/\/www.mn-nachrichten.de\/index.php?rest_route=\/wp\/v2\/posts\/9811","targetHints":{"allow":["GET"]}}],"collection":[{"href":"https:\/\/www.mn-nachrichten.de\/index.php?rest_route=\/wp\/v2\/posts"}],"about":[{"href":"https:\/\/www.mn-nachrichten.de\/index.php?rest_route=\/wp\/v2\/types\/post"}],"author":[{"embeddable":true,"href":"https:\/\/www.mn-nachrichten.de\/index.php?rest_route=\/wp\/v2\/users\/196"}],"replies":[{"embeddable":true,"href":"https:\/\/www.mn-nachrichten.de\/index.php?rest_route=%2Fwp%2Fv2%2Fcomments&post=9811"}],"version-history":[{"count":1,"href":"https:\/\/www.mn-nachrichten.de\/index.php?rest_route=\/wp\/v2\/posts\/9811\/revisions"}],"predecessor-version":[{"id":9813,"href":"https:\/\/www.mn-nachrichten.de\/index.php?rest_route=\/wp\/v2\/posts\/9811\/revisions\/9813"}],"wp:featuredmedia":[{"embeddable":true,"href":"https:\/\/www.mn-nachrichten.de\/index.php?rest_route=\/wp\/v2\/media\/9812"}],"wp:attachment":[{"href":"https:\/\/www.mn-nachrichten.de\/index.php?rest_route=%2Fwp%2Fv2%2Fmedia&parent=9811"}],"wp:term":[{"taxonomy":"category","embeddable":true,"href":"https:\/\/www.mn-nachrichten.de\/index.php?rest_route=%2Fwp%2Fv2%2Fcategories&post=9811"},{"taxonomy":"post_tag","embeddable":true,"href":"https:\/\/www.mn-nachrichten.de\/index.php?rest_route=%2Fwp%2Fv2%2Ftags&post=9811"}],"curies":[{"name":"wp","href":"https:\/\/api.w.org\/{rel}","templated":true}]}}