{"id":974,"date":"2008-07-22T23:39:36","date_gmt":"2008-07-22T21:39:36","guid":{"rendered":"http:\/\/www.mn-nachrichten.de\/?p=974"},"modified":"2008-07-23T00:01:58","modified_gmt":"2008-07-22T22:01:58","slug":"nordanien-debatte-um-konfoderationsvertrag-spitzt-sich-zu","status":"publish","type":"post","link":"https:\/\/www.mn-nachrichten.de\/?p=974","title":{"rendered":"[Nordanien] Debatte um Konf\u00f6derationsvertrag spitzt sich zu"},"content":{"rendered":"<p>D\u00fcssbach (NNN) &#8211; In der nordanischen Bundesversammlung wird derzeit der Konf\u00f6derationsvertrag in einer hitzigen Debatte diskutiert. Der Vertrag sieht die Umwandlung der Bundesrepublik Nordanien in eine Konf\u00f6deration unabh\u00e4ngiger Einzelstaaten vor, die sogar ein Seperationsrecht erhalten. Es soll aber eine Konf\u00f6derationsregierung mit einem Ministerpr\u00e4sidenten, einem Au\u00dfenminister, einem Verteidigungsminister sowie einem Wirtschafts- und Finanzminister bestehen. Die Konf\u00f6deration soll eine gemeinsame Armee umfassen, sowie eine Wirtschafts- und W\u00e4hrungsunion und einen gemeinsamen Sitz in internationalen Organisationen. L\u00e4nder die aus der Konf\u00f6deration ausscheiden, sollen jedoch internationale anerkannte Staaten werden k\u00f6nnen.<\/p>\n<p>Der Staatsrat und die L\u00e4nderchefs hatten sich letzte Woche in D\u00fcssbach auf den Vertrag geeinigt. Einige zentralistisch eingestellte Abgeordnete kritisieren den Vertrag als Verrat an der Heimat und liefern sich heftige Wortgefechte mit den Vertretern des Staatsrates und der Minderheiten. Die osikanische Abgeordnete Sandra Kalsoneto rechnete vor, dass mindestens 37,5 % der Einwohner Nordaniens sich nicht als Nordanier definieren und nur eine Konf\u00f6deration das Land zusammen halten kann.<\/p>\n<p>W\u00e4hrenddessen geht das s\u00fcdliche Bundesland Badoslowanien immer weiter Richtung Unabh\u00e4ngigkeit. In Bajramska Gora hat sich unter F\u00fchrung der Ministerpr\u00e4sidenten Biljana Kopalka eine neue Landesregierung gebildet. Diese hat klar zu erkennen gegeben, dass sie die vollst\u00e4ndige Unabh\u00e4ngigkeit von Nordanien anstrebt entweder durch den Konf\u00f6derationsvertrag oder durch einseitige Erkl\u00e4rung. So wurde bereits ein Staatsb\u00fcrgerschaftsgesetz verabschiedet und mit dem Bau provisorischer Grenzstationen an der Grenze zu den beiden benachbarten Bundesl\u00e4ndern Badonien und Osikanien begonnen. Auch Osikanien hat f\u00fcr den Fall des Scheiterns des Konf\u00f6derationsvertrages mit Unabh\u00e4ngigkeit gedroht.<\/p>\n<p>Die Abstimmung wird in den n\u00e4chsten Tagen beginnen und dann wird sich das Schicksal Nordaniens entscheiden. <\/p>\n","protected":false},"excerpt":{"rendered":"<p>D\u00fcssbach (NNN) &#8211; In der nordanischen Bundesversammlung wird derzeit der Konf\u00f6derationsvertrag in einer hitzigen Debatte diskutiert. Der Vertrag sieht die Umwandlung der Bundesrepublik Nordanien in eine Konf\u00f6deration unabh\u00e4ngiger Einzelstaaten vor, die sogar ein Seperationsrecht erhalten. Es soll aber eine Konf\u00f6derationsregierung mit einem Ministerpr\u00e4sidenten, einem Au\u00dfenminister, einem Verteidigungsminister sowie einem Wirtschafts- und Finanzminister bestehen. Die Konf\u00f6deration [&hellip;]<\/p>\n","protected":false},"author":118,"featured_media":0,"comment_status":"open","ping_status":"closed","sticky":false,"template":"","format":"standard","meta":{"_crdt_document":"","footnotes":""},"categories":[1],"tags":[],"class_list":["post-974","post","type-post","status-publish","format-standard","hentry","category-international"],"_links":{"self":[{"href":"https:\/\/www.mn-nachrichten.de\/index.php?rest_route=\/wp\/v2\/posts\/974","targetHints":{"allow":["GET"]}}],"collection":[{"href":"https:\/\/www.mn-nachrichten.de\/index.php?rest_route=\/wp\/v2\/posts"}],"about":[{"href":"https:\/\/www.mn-nachrichten.de\/index.php?rest_route=\/wp\/v2\/types\/post"}],"author":[{"embeddable":true,"href":"https:\/\/www.mn-nachrichten.de\/index.php?rest_route=\/wp\/v2\/users\/118"}],"replies":[{"embeddable":true,"href":"https:\/\/www.mn-nachrichten.de\/index.php?rest_route=%2Fwp%2Fv2%2Fcomments&post=974"}],"version-history":[{"count":0,"href":"https:\/\/www.mn-nachrichten.de\/index.php?rest_route=\/wp\/v2\/posts\/974\/revisions"}],"wp:attachment":[{"href":"https:\/\/www.mn-nachrichten.de\/index.php?rest_route=%2Fwp%2Fv2%2Fmedia&parent=974"}],"wp:term":[{"taxonomy":"category","embeddable":true,"href":"https:\/\/www.mn-nachrichten.de\/index.php?rest_route=%2Fwp%2Fv2%2Fcategories&post=974"},{"taxonomy":"post_tag","embeddable":true,"href":"https:\/\/www.mn-nachrichten.de\/index.php?rest_route=%2Fwp%2Fv2%2Ftags&post=974"}],"curies":[{"name":"wp","href":"https:\/\/api.w.org\/{rel}","templated":true}]}}