{"id":9691,"date":"2023-10-05T21:24:56","date_gmt":"2023-10-05T19:24:56","guid":{"rendered":"https:\/\/www.mn-nachrichten.de\/?p=9691"},"modified":"2023-10-06T15:05:06","modified_gmt":"2023-10-06T13:05:06","slug":"boris-stankovic-erneut-premierminister-vesterans","status":"publish","type":"post","link":"https:\/\/www.mn-nachrichten.de\/?p=9691","title":{"rendered":"Boris Stankovi\u0107 erneut Premierminister Vesterans"},"content":{"rendered":"\n<p class=\"wp-block-paragraph\">Boris Stankovi\u0107 von der sozialistischen Partei Jedinstvo wurde am vergangenen Sonntag mit 60% der abgegebenen Stimmen zum Premijer Vesterans gew\u00e4hlt. Bereits 2015 bis 2016 hatte Stankovi\u0107 dieses Amt inne, sich nach dem Ende seiner Amtszeit aber zun\u00e4chst in der Bundespolitik bet\u00e4tigt und zwischenzeitlich ganz aus der aktiven Politikszene zur\u00fcckgezogen.<\/p>\n\n\n\n<figure class=\"wp-block-image size-large\"><a href=\"https:\/\/www.mn-nachrichten.de\/wp-content\/2023\/10\/Stankovic-1.jpg\"><img loading=\"lazy\" decoding=\"async\" width=\"1024\" height=\"539\" src=\"https:\/\/www.mn-nachrichten.de\/wp-content\/2023\/10\/Stankovic-1-1024x539.jpg\" alt=\"\" class=\"wp-image-9694\" srcset=\"https:\/\/www.mn-nachrichten.de\/wp-content\/2023\/10\/Stankovic-1-1024x539.jpg 1024w, https:\/\/www.mn-nachrichten.de\/wp-content\/2023\/10\/Stankovic-1-300x158.jpg 300w, https:\/\/www.mn-nachrichten.de\/wp-content\/2023\/10\/Stankovic-1-768x404.jpg 768w, https:\/\/www.mn-nachrichten.de\/wp-content\/2023\/10\/Stankovic-1-1536x808.jpg 1536w, https:\/\/www.mn-nachrichten.de\/wp-content\/2023\/10\/Stankovic-1.jpg 1893w\" sizes=\"auto, (max-width: 1024px) 100vw, 1024px\" \/><\/a><\/figure>\n\n\n\n<p class=\"wp-block-paragraph\">Stankovi\u0107, der gleichzeitig auch Parlamentspr\u00e4sident Severaniens ist, gab mit der Wahl sein Abgeordnetenmandat zur\u00fcck. Er bleibt jedoch als Premierminister Vesterans Mitglied der Bundesversammlung und somit auch weiterhin deren Pr\u00e4sident. In der Bundesversammlung r\u00fcckt \u0110or\u0111e Rado\u0161evi\u0107 aus Kaysteran f\u00fcr Stankovi\u0107 nach.<\/p>\n","protected":false},"excerpt":{"rendered":"<p>Boris Stankovi\u0107 von der sozialistischen Partei Jedinstvo wurde am vergangenen Sonntag mit 60% der abgegebenen Stimmen zum Premijer Vesterans gew\u00e4hlt. Bereits 2015 bis 2016 hatte Stankovi\u0107 dieses Amt inne, sich nach dem Ende seiner Amtszeit aber zun\u00e4chst in der Bundespolitik bet\u00e4tigt und zwischenzeitlich ganz aus der aktiven Politikszene zur\u00fcckgezogen. Stankovi\u0107, der gleichzeitig auch Parlamentspr\u00e4sident Severaniens [&hellip;]<\/p>\n","protected":false},"author":196,"featured_media":0,"comment_status":"closed","ping_status":"","sticky":false,"template":"","format":"standard","meta":{"_crdt_document":"","footnotes":""},"categories":[88],"tags":[291],"class_list":["post-9691","post","type-post","status-publish","format-standard","hentry","category-severanien","tag-vesteran"],"_links":{"self":[{"href":"https:\/\/www.mn-nachrichten.de\/index.php?rest_route=\/wp\/v2\/posts\/9691","targetHints":{"allow":["GET"]}}],"collection":[{"href":"https:\/\/www.mn-nachrichten.de\/index.php?rest_route=\/wp\/v2\/posts"}],"about":[{"href":"https:\/\/www.mn-nachrichten.de\/index.php?rest_route=\/wp\/v2\/types\/post"}],"author":[{"embeddable":true,"href":"https:\/\/www.mn-nachrichten.de\/index.php?rest_route=\/wp\/v2\/users\/196"}],"replies":[{"embeddable":true,"href":"https:\/\/www.mn-nachrichten.de\/index.php?rest_route=%2Fwp%2Fv2%2Fcomments&post=9691"}],"version-history":[{"count":2,"href":"https:\/\/www.mn-nachrichten.de\/index.php?rest_route=\/wp\/v2\/posts\/9691\/revisions"}],"predecessor-version":[{"id":9695,"href":"https:\/\/www.mn-nachrichten.de\/index.php?rest_route=\/wp\/v2\/posts\/9691\/revisions\/9695"}],"wp:attachment":[{"href":"https:\/\/www.mn-nachrichten.de\/index.php?rest_route=%2Fwp%2Fv2%2Fmedia&parent=9691"}],"wp:term":[{"taxonomy":"category","embeddable":true,"href":"https:\/\/www.mn-nachrichten.de\/index.php?rest_route=%2Fwp%2Fv2%2Fcategories&post=9691"},{"taxonomy":"post_tag","embeddable":true,"href":"https:\/\/www.mn-nachrichten.de\/index.php?rest_route=%2Fwp%2Fv2%2Ftags&post=9691"}],"curies":[{"name":"wp","href":"https:\/\/api.w.org\/{rel}","templated":true}]}}