{"id":9670,"date":"2023-09-27T20:31:27","date_gmt":"2023-09-27T18:31:27","guid":{"rendered":"https:\/\/www.mn-nachrichten.de\/?p=9670"},"modified":"2023-10-16T18:15:27","modified_gmt":"2023-10-16T16:15:27","slug":"gemeinsame-willenserklaerung-futuna-und-severanien-besiegeln-diplomatische-beziehungen","status":"publish","type":"post","link":"https:\/\/www.mn-nachrichten.de\/?p=9670","title":{"rendered":"Gemeinsame Willenserkl\u00e4rung: Futuna und Severanien besiegeln diplomatische Beziehungen"},"content":{"rendered":"\n<p class=\"wp-block-paragraph\">In einer historischen Entwicklung haben die Sozialistische Bundesrepublik Severanien und die Futunischen Reiche offiziell diplomatische Beziehungen aufgenommen. Diese wegweisende Entscheidung wurde nach erfolgreichen Verhandlungen zwischen beiden Nationen getroffen und f\u00fchrte zur Verabschiedung einer gemeinsamen Willenserkl\u00e4rung, die verschiedene wichtige Aspekte ihrer bilateralen Zusammenarbeit umfasst.<\/p>\n\n\n\n<p class=\"wp-block-paragraph\">Ein zentraler Punkt der Vereinbarung ist das beiderseitige Bekenntnis zum Schutz und zur nachhaltigen Nutzung der Weltmeere. Angesichts der dringenden Umweltauswirkungen auf die Ozeane haben Severanien und Futuna beschlossen, gemeinsam Ma\u00dfnahmen zu ergreifen, um der \u00dcberfischung entgegenzuwirken und die Meeres\u00f6kosysteme zu bewahren.<\/p>\n\n\n<div class=\"wp-block-image\">\n<figure class=\"alignright size-full is-resized\"><a href=\"https:\/\/www.mn-nachrichten.de\/wp-content\/2023\/09\/Royal_Danish_Naval_Vessel_Knut_Rasmussen_participates_in_Operation_Nanook_2010.jpeg\"><img decoding=\"async\" src=\"https:\/\/www.mn-nachrichten.de\/wp-content\/2023\/09\/Royal_Danish_Naval_Vessel_Knut_Rasmussen_participates_in_Operation_Nanook_2010.jpeg\" alt=\"\" class=\"wp-image-9706\" style=\"aspect-ratio:1.5058823529411764;width:355px;height:auto\" \/><\/a><\/figure>\n<\/div>\n\n\n<p class=\"wp-block-paragraph\">Weiter vereinbarten sie die verst\u00e4rkte Zusammenarbeit im Bereich der maritimen Sicherheit. Beide Nationen erkennen die Notwendigkeit an, ein gemeinsames maritimes Sicherheitsabkommen zu verhandeln, um die Koordination zwischen ihren Marinekr\u00e4ften und K\u00fcstenwachen zu intensivieren. Dies soll dazu beitragen, die Sicherheit und Stabilit\u00e4t in der Region zu erh\u00f6hen. Severanien und Futuna haben sich verpflichtet, auf internationaler Ebene f\u00fcr die Umsetzung verbindlicher Normen und Abkommen zum Schutz der Meere einzutreten.<\/p>\n\n\n\n<p class=\"wp-block-paragraph\">Die F\u00f6rderung von Handel und wirtschaftlicher Zusammenarbeit ist ein weiterer Schwerpunkt der Vereinbarung. Beide Seiten haben erkl\u00e4rt, ihre Handelsbeziehungen zu vertiefen, um wirtschaftliche Chancen zu nutzen und den Wohlstand beider Nationen zu steigern.<\/p>\n","protected":false},"excerpt":{"rendered":"<p>In einer historischen Entwicklung haben die Sozialistische Bundesrepublik Severanien und die Futunischen Reiche offiziell diplomatische Beziehungen aufgenommen. Diese wegweisende Entscheidung wurde nach erfolgreichen Verhandlungen zwischen beiden Nationen getroffen und f\u00fchrte zur Verabschiedung einer gemeinsamen Willenserkl\u00e4rung, die verschiedene wichtige Aspekte ihrer bilateralen Zusammenarbeit umfasst. Ein zentraler Punkt der Vereinbarung ist das beiderseitige Bekenntnis zum Schutz und [&hellip;]<\/p>\n","protected":false},"author":1674,"featured_media":0,"comment_status":"closed","ping_status":"","sticky":false,"template":"","format":"standard","meta":{"_crdt_document":"","footnotes":""},"categories":[10,88],"tags":[],"class_list":["post-9670","post","type-post","status-publish","format-standard","hentry","category-futuna","category-severanien"],"_links":{"self":[{"href":"https:\/\/www.mn-nachrichten.de\/index.php?rest_route=\/wp\/v2\/posts\/9670","targetHints":{"allow":["GET"]}}],"collection":[{"href":"https:\/\/www.mn-nachrichten.de\/index.php?rest_route=\/wp\/v2\/posts"}],"about":[{"href":"https:\/\/www.mn-nachrichten.de\/index.php?rest_route=\/wp\/v2\/types\/post"}],"author":[{"embeddable":true,"href":"https:\/\/www.mn-nachrichten.de\/index.php?rest_route=\/wp\/v2\/users\/1674"}],"replies":[{"embeddable":true,"href":"https:\/\/www.mn-nachrichten.de\/index.php?rest_route=%2Fwp%2Fv2%2Fcomments&post=9670"}],"version-history":[{"count":2,"href":"https:\/\/www.mn-nachrichten.de\/index.php?rest_route=\/wp\/v2\/posts\/9670\/revisions"}],"predecessor-version":[{"id":9707,"href":"https:\/\/www.mn-nachrichten.de\/index.php?rest_route=\/wp\/v2\/posts\/9670\/revisions\/9707"}],"wp:attachment":[{"href":"https:\/\/www.mn-nachrichten.de\/index.php?rest_route=%2Fwp%2Fv2%2Fmedia&parent=9670"}],"wp:term":[{"taxonomy":"category","embeddable":true,"href":"https:\/\/www.mn-nachrichten.de\/index.php?rest_route=%2Fwp%2Fv2%2Fcategories&post=9670"},{"taxonomy":"post_tag","embeddable":true,"href":"https:\/\/www.mn-nachrichten.de\/index.php?rest_route=%2Fwp%2Fv2%2Ftags&post=9670"}],"curies":[{"name":"wp","href":"https:\/\/api.w.org\/{rel}","templated":true}]}}