{"id":9613,"date":"2023-07-22T12:14:51","date_gmt":"2023-07-22T10:14:51","guid":{"rendered":"https:\/\/www.mn-nachrichten.de\/?p=9613"},"modified":"2023-07-22T12:14:51","modified_gmt":"2023-07-22T10:14:51","slug":"historischer-schulterschluss-in-kaysteran-jedinstvo-napred-und-boban-reichen-gemeinsame-liste-ein","status":"publish","type":"post","link":"https:\/\/www.mn-nachrichten.de\/?p=9613","title":{"rendered":"Historischer Schulterschluss in Kaysteran: Jedinstvo, NAPRED und Boban reichen gemeinsame Liste ein"},"content":{"rendered":"\n<p class=\"wp-block-paragraph\">In einer beispiellosen Zusammenkunft haben die severanischen Parteien Jedinstvo, NAPRED und der k\u00fcnftige Abgeordnete der Bundesversammlung, Marko Boban, bekanntgegeben, dass sie eine gemeinsame Liste f\u00fcr die bevorstehende Wahl zum kaysteranischen Sabor einreichen werden.<\/p>\n\n\n\n<p class=\"wp-block-paragraph\">Marko Boban erkl\u00e4rte in diesem Zusammenhang: &#8222;Unabh\u00e4ngig von unseren unterschiedlichen politischen Vorstellungen tragen wir eine gemeinsame Verantwortung, Kaysteran m\u00f6glichst schnell aus dieser misslichen Lage herauszuf\u00fchren. In solch entscheidenden Zeiten sollten weder Parteibuch noch politische Ausrichtung eine Rolle spielen, solange sie demokratisch ist.&#8220;<\/p>\n\n\n<div class=\"wp-block-image\">\n<figure class=\"alignleft size-full is-resized\"><a href=\"https:\/\/www.mn-nachrichten.de\/wp-content\/2023\/07\/05246689b3b4d8bccd06.jpeg\"><img loading=\"lazy\" decoding=\"async\" src=\"https:\/\/www.mn-nachrichten.de\/wp-content\/2023\/07\/05246689b3b4d8bccd06.jpeg\" alt=\"\" class=\"wp-image-9614\" width=\"317\" height=\"211\" \/><\/a><\/figure>\n<\/div>\n\n\n<p class=\"wp-block-paragraph\">Du\u0161an Raji\u0107 (NAPRED) \u00e4u\u00dferte sich etwas zur\u00fcckhaltender, betonte jedoch: &#8222;Es geht hier um unsere Heimat und darum, den unglaublich desolaten Zustand zu beseitigen \u2013 nicht mehr und nicht weniger.&#8220;<\/p>\n\n\n\n<p class=\"wp-block-paragraph\">\u0110or\u0111e Rado\u0161evi\u0107 von der Jedinstvo f\u00fcgte hinzu: &#8222;Wir sind uns der herausfordernden Lage bewusst und sehen es als unsere Verantwortung, auch in einem so komplexen Thema wie diesem, die anderen politischen Str\u00f6mungen miteinzubeziehen. Die Republik Kaysteran hat in ihrer Geschichte bereits verschiedene Krisen gemeistert. Daher ist es umso bedeutender, inklusiv und nicht ausgrenzend zu handeln.&#8220;<\/p>\n\n\n\n<p class=\"wp-block-paragraph\">Dieser historische Schulterschluss zwischen den politischen Kr\u00e4ften Jedinstvo, NAPRED und Boban zeigt das klare Bestreben, gemeinsam f\u00fcr das Wohl des Landes einzustehen und es in eine bessere Zukunft zu f\u00fchren. Die bevorstehende Wahl zum kaysteranischen Sabor verspricht somit eine spannende und entscheidende Entwicklung f\u00fcr die Republik Kaysteran zu werden.<\/p>\n","protected":false},"excerpt":{"rendered":"<p>In einer beispiellosen Zusammenkunft haben die severanischen Parteien Jedinstvo, NAPRED und der k\u00fcnftige Abgeordnete der Bundesversammlung, Marko Boban, bekanntgegeben, dass sie eine gemeinsame Liste f\u00fcr die bevorstehende Wahl zum kaysteranischen Sabor einreichen werden. Marko Boban erkl\u00e4rte in diesem Zusammenhang: &#8222;Unabh\u00e4ngig von unseren unterschiedlichen politischen Vorstellungen tragen wir eine gemeinsame Verantwortung, Kaysteran m\u00f6glichst schnell aus dieser [&hellip;]<\/p>\n","protected":false},"author":1674,"featured_media":0,"comment_status":"closed","ping_status":"","sticky":false,"template":"","format":"standard","meta":{"_crdt_document":"","footnotes":""},"categories":[88],"tags":[87,653],"class_list":["post-9613","post","type-post","status-publish","format-standard","hentry","category-severanien","tag-kaysteran","tag-severanien"],"_links":{"self":[{"href":"https:\/\/www.mn-nachrichten.de\/index.php?rest_route=\/wp\/v2\/posts\/9613","targetHints":{"allow":["GET"]}}],"collection":[{"href":"https:\/\/www.mn-nachrichten.de\/index.php?rest_route=\/wp\/v2\/posts"}],"about":[{"href":"https:\/\/www.mn-nachrichten.de\/index.php?rest_route=\/wp\/v2\/types\/post"}],"author":[{"embeddable":true,"href":"https:\/\/www.mn-nachrichten.de\/index.php?rest_route=\/wp\/v2\/users\/1674"}],"replies":[{"embeddable":true,"href":"https:\/\/www.mn-nachrichten.de\/index.php?rest_route=%2Fwp%2Fv2%2Fcomments&post=9613"}],"version-history":[{"count":1,"href":"https:\/\/www.mn-nachrichten.de\/index.php?rest_route=\/wp\/v2\/posts\/9613\/revisions"}],"predecessor-version":[{"id":9615,"href":"https:\/\/www.mn-nachrichten.de\/index.php?rest_route=\/wp\/v2\/posts\/9613\/revisions\/9615"}],"wp:attachment":[{"href":"https:\/\/www.mn-nachrichten.de\/index.php?rest_route=%2Fwp%2Fv2%2Fmedia&parent=9613"}],"wp:term":[{"taxonomy":"category","embeddable":true,"href":"https:\/\/www.mn-nachrichten.de\/index.php?rest_route=%2Fwp%2Fv2%2Fcategories&post=9613"},{"taxonomy":"post_tag","embeddable":true,"href":"https:\/\/www.mn-nachrichten.de\/index.php?rest_route=%2Fwp%2Fv2%2Ftags&post=9613"}],"curies":[{"name":"wp","href":"https:\/\/api.w.org\/{rel}","templated":true}]}}