{"id":957,"date":"2008-07-09T17:45:35","date_gmt":"2008-07-09T15:45:35","guid":{"rendered":"http:\/\/www.mn-nachrichten.de\/?p=957"},"modified":"2008-07-15T21:47:23","modified_gmt":"2008-07-15T19:47:23","slug":"nordanien-bundesstaat-vor-der-auflosung","status":"publish","type":"post","link":"https:\/\/www.mn-nachrichten.de\/?p=957","title":{"rendered":"[Nordanien] Bundesstaat vor der Aufl\u00f6sung?"},"content":{"rendered":"<p>D\u00fcssbach (NNN) &#8211; In der nordanischen Bundesversammlung \u00fcber ein \u00dcbergangsgesetz zur Umwandlung Nordaniens in eine Konf\u00f6deration abgestimmt. Nach dem Gesetz w\u00fcrde die Bundesrepublik aufgel\u00f6st und die Souver\u00e4nt\u00e4t w\u00fcrde auf die sieben Bundesl\u00e4nder \u00fcbergehen. Bisher unterst\u00fctzt die Mehrheit der Abgeordenten diesen Vorschlag, der nur noch eine schwache Union vorsieht. Laut des Vorschlages w\u00fcrden die L\u00e4ndern einen Konf\u00f6derationsvertrag schlie\u00dfen. Sogar ein Separationsrecht nach sechs Monaten sieht der Entwurf vor.<\/p>\n<p>Eingebracht wurde der Entwurf von der osikanischen Abgeordneten Sandra Kalsoneto. Nationale Minderheiten aber auch prominente nordanische Politiker aus D\u00fcssbach haben bereits daf\u00fcr gestimmt.<\/p>\n<p>Die Abstimmung dauert noch bis Sonntag. Sollte der Vorschlag angenommen wird es ein Nordanien wie es jetzt besteht, wohl nicht mehr geben.<\/p>\n","protected":false},"excerpt":{"rendered":"<p>D\u00fcssbach (NNN) &#8211; In der nordanischen Bundesversammlung \u00fcber ein \u00dcbergangsgesetz zur Umwandlung Nordaniens in eine Konf\u00f6deration abgestimmt. Nach dem Gesetz w\u00fcrde die Bundesrepublik aufgel\u00f6st und die Souver\u00e4nt\u00e4t w\u00fcrde auf die sieben Bundesl\u00e4nder \u00fcbergehen. Bisher unterst\u00fctzt die Mehrheit der Abgeordenten diesen Vorschlag, der nur noch eine schwache Union vorsieht. Laut des Vorschlages w\u00fcrden die L\u00e4ndern einen [&hellip;]<\/p>\n","protected":false},"author":118,"featured_media":0,"comment_status":"open","ping_status":"closed","sticky":false,"template":"","format":"standard","meta":{"_crdt_document":"","footnotes":""},"categories":[86],"tags":[],"class_list":["post-957","post","type-post","status-publish","format-standard","hentry","category-untergegangen"],"_links":{"self":[{"href":"https:\/\/www.mn-nachrichten.de\/index.php?rest_route=\/wp\/v2\/posts\/957","targetHints":{"allow":["GET"]}}],"collection":[{"href":"https:\/\/www.mn-nachrichten.de\/index.php?rest_route=\/wp\/v2\/posts"}],"about":[{"href":"https:\/\/www.mn-nachrichten.de\/index.php?rest_route=\/wp\/v2\/types\/post"}],"author":[{"embeddable":true,"href":"https:\/\/www.mn-nachrichten.de\/index.php?rest_route=\/wp\/v2\/users\/118"}],"replies":[{"embeddable":true,"href":"https:\/\/www.mn-nachrichten.de\/index.php?rest_route=%2Fwp%2Fv2%2Fcomments&post=957"}],"version-history":[{"count":0,"href":"https:\/\/www.mn-nachrichten.de\/index.php?rest_route=\/wp\/v2\/posts\/957\/revisions"}],"wp:attachment":[{"href":"https:\/\/www.mn-nachrichten.de\/index.php?rest_route=%2Fwp%2Fv2%2Fmedia&parent=957"}],"wp:term":[{"taxonomy":"category","embeddable":true,"href":"https:\/\/www.mn-nachrichten.de\/index.php?rest_route=%2Fwp%2Fv2%2Fcategories&post=957"},{"taxonomy":"post_tag","embeddable":true,"href":"https:\/\/www.mn-nachrichten.de\/index.php?rest_route=%2Fwp%2Fv2%2Ftags&post=957"}],"curies":[{"name":"wp","href":"https:\/\/api.w.org\/{rel}","templated":true}]}}