{"id":956,"date":"2008-07-08T18:24:54","date_gmt":"2008-07-08T16:24:54","guid":{"rendered":"http:\/\/www.mn-nachrichten.de\/?p=956"},"modified":"2008-07-15T21:47:53","modified_gmt":"2008-07-15T19:47:53","slug":"kaysteran-unruhen-in-duranje-und-vranja","status":"publish","type":"post","link":"https:\/\/www.mn-nachrichten.de\/?p=956","title":{"rendered":"[Kaysteran] Unruhen in Duranje und Vranja"},"content":{"rendered":"<p>Am heutigen Nachmittag kam es zu gr\u00f6\u00dferen Unruhen in Duranje. Nach der Verk\u00fcndung des Notstands durch den kommissarischen Pr\u00e4sidentij Peladic str\u00f6mten sowohl Unterst\u00fctzer als auch Gegner auf die Stra\u00dfen. Zuvor hatte SocA-Chef Olic zum Protest aufgerufen, da er die Rechtfertigung hierf\u00fcr nicht sehe und durch die ungl\u00fcckliche Konstellation des eigentlich 3-k\u00f6pfigen gesetzgebenden und regierenden Notstandsrats mit zwei Mandaten f\u00fcr Peladic als Bedrohung wahrnimmt.<\/p>\n<p>Laut Angaben der Policija gab es bereits Stra\u00dfenschlachten in Vranja zwischen Sozialisten und Freiheitlichen Kr\u00e4ften. In Duranje meldet die Policija vereinzelte Anschl\u00e4ge auf Gesch\u00e4fte in der Innenstadt.<\/p>\n","protected":false},"excerpt":{"rendered":"<p>Am heutigen Nachmittag kam es zu gr\u00f6\u00dferen Unruhen in Duranje. Nach der Verk\u00fcndung des Notstands durch den kommissarischen Pr\u00e4sidentij Peladic str\u00f6mten sowohl Unterst\u00fctzer als auch Gegner auf die Stra\u00dfen. Zuvor hatte SocA-Chef Olic zum Protest aufgerufen, da er die Rechtfertigung hierf\u00fcr nicht sehe und durch die ungl\u00fcckliche Konstellation des eigentlich 3-k\u00f6pfigen gesetzgebenden und regierenden Notstandsrats [&hellip;]<\/p>\n","protected":false},"author":161,"featured_media":0,"comment_status":"open","ping_status":"closed","sticky":false,"template":"","format":"standard","meta":{"_crdt_document":"","footnotes":""},"categories":[88],"tags":[],"class_list":["post-956","post","type-post","status-publish","format-standard","hentry","category-severanien"],"_links":{"self":[{"href":"https:\/\/www.mn-nachrichten.de\/index.php?rest_route=\/wp\/v2\/posts\/956","targetHints":{"allow":["GET"]}}],"collection":[{"href":"https:\/\/www.mn-nachrichten.de\/index.php?rest_route=\/wp\/v2\/posts"}],"about":[{"href":"https:\/\/www.mn-nachrichten.de\/index.php?rest_route=\/wp\/v2\/types\/post"}],"author":[{"embeddable":true,"href":"https:\/\/www.mn-nachrichten.de\/index.php?rest_route=\/wp\/v2\/users\/161"}],"replies":[{"embeddable":true,"href":"https:\/\/www.mn-nachrichten.de\/index.php?rest_route=%2Fwp%2Fv2%2Fcomments&post=956"}],"version-history":[{"count":0,"href":"https:\/\/www.mn-nachrichten.de\/index.php?rest_route=\/wp\/v2\/posts\/956\/revisions"}],"wp:attachment":[{"href":"https:\/\/www.mn-nachrichten.de\/index.php?rest_route=%2Fwp%2Fv2%2Fmedia&parent=956"}],"wp:term":[{"taxonomy":"category","embeddable":true,"href":"https:\/\/www.mn-nachrichten.de\/index.php?rest_route=%2Fwp%2Fv2%2Fcategories&post=956"},{"taxonomy":"post_tag","embeddable":true,"href":"https:\/\/www.mn-nachrichten.de\/index.php?rest_route=%2Fwp%2Fv2%2Ftags&post=956"}],"curies":[{"name":"wp","href":"https:\/\/api.w.org\/{rel}","templated":true}]}}