{"id":9556,"date":"2023-03-03T10:53:52","date_gmt":"2023-03-03T09:53:52","guid":{"rendered":"https:\/\/www.mn-nachrichten.de\/?p=9556"},"modified":"2023-03-03T10:53:52","modified_gmt":"2023-03-03T09:53:52","slug":"kot-attacke-im-dionyschen-senat","status":"publish","type":"post","link":"https:\/\/www.mn-nachrichten.de\/?p=9556","title":{"rendered":"Kot-Attacke im dionyschen Senat"},"content":{"rendered":"\n<p class=\"wp-block-paragraph\"><strong>Am Mittwoch wurde der Minister f\u00fcr Wirtschaft und Finanzen im Senat der Republik Dionysos Opfer einer widerlichen Attacke. Alexos Tasaridis (NEIN) wurde w\u00e4hrend einer Senatssitzung vom Juristen und Richterkandidaten Kevin St\u00fcrmer (WORF) mit Tierf\u00e4kalien beworfen. Der Angriff ereignete sich, nachdem der Minister im Namen des Ministeriums die Ernennung von St\u00fcrmer f\u00fcr das Amt des Direktors der Zentralbank zur\u00fcckgezogen hatte.<\/strong><\/p>\n\n\n\n<p class=\"wp-block-paragraph\">Die Tat, die von den Beh\u00f6rden als terroristischer Akt eingestuft wurde, zielte offenbar darauf ab, den Minister einzusch\u00fcchtern und eine Ernennung durch Gewalt zu erreichen. Der Angriff verursachte Ratlosigkeit und Entsetzen in der dionyschen \u00d6ffentlichkeit. Politiker aller Parteien verurteilten den Angriff scharf, das Innenministerium veranlasste die Errichtung einer Sperrzone rund um das dionysche Parlament im Herzen der Hauptstadt Klauth.<\/p>\n\n\n\n<p class=\"wp-block-paragraph\">Herr Tasaridis wurde umgehend medizinisch behandelt, nachdem er von dem Angreifer getroffen worden war. Der Minister verurteilte die Tat und betonte, dass solche gewaltt\u00e4tigen Angriffe nicht akzeptabel seien. &#8222;Wir d\u00fcrfen nicht zulassen, dass unsere politischen Auseinandersetzungen in Gewalt und Terror ausarten. Wir m\u00fcssen gemeinsam daran arbeiten, unsere Demokratie und unsere Institutionen zu sch\u00fctzen&#8220;, sagte er in einer Stellungnahme nach dem Vorfall.<\/p>\n\n\n\n<p class=\"wp-block-paragraph\">Die Beh\u00f6rden haben eine Untersuchung des Angriffs eingeleitet. Der Kanzler der Republik Dionysos, Herr Richard von R\u00fcdenberg (HERO), verurteilte die Tat aufs Sch\u00e4rfste und betonte, dass die Regierung alles tun werde, um den T\u00e4ter zur Rechenschaft zu ziehen. &#8222;Solche Angriffe auf unsere demokratischen Institutionen und Vertreter sind inakzeptabel und werden nicht toleriert. Wir werden alle notwendigen Ma\u00dfnahmen ergreifen, um sicherzustellen, dass der Verantwortliche zur Rechenschaft gezogen wird&#8220;, sagte er in einer Erkl\u00e4rung.<\/p>\n","protected":false},"excerpt":{"rendered":"<p>Am Mittwoch wurde der Minister f\u00fcr Wirtschaft und Finanzen im Senat der Republik Dionysos Opfer einer widerlichen Attacke. Alexos Tasaridis (NEIN) wurde w\u00e4hrend einer Senatssitzung vom Juristen und Richterkandidaten Kevin St\u00fcrmer (WORF) mit Tierf\u00e4kalien beworfen. Der Angriff ereignete sich, nachdem der Minister im Namen des Ministeriums die Ernennung von St\u00fcrmer f\u00fcr das Amt des Direktors [&hellip;]<\/p>\n","protected":false},"author":1674,"featured_media":0,"comment_status":"closed","ping_status":"","sticky":false,"template":"","format":"standard","meta":{"_crdt_document":"","footnotes":""},"categories":[46],"tags":[649,514],"class_list":["post-9556","post","type-post","status-publish","format-standard","hentry","category-dionysos","tag-dionysos","tag-senat"],"_links":{"self":[{"href":"https:\/\/www.mn-nachrichten.de\/index.php?rest_route=\/wp\/v2\/posts\/9556","targetHints":{"allow":["GET"]}}],"collection":[{"href":"https:\/\/www.mn-nachrichten.de\/index.php?rest_route=\/wp\/v2\/posts"}],"about":[{"href":"https:\/\/www.mn-nachrichten.de\/index.php?rest_route=\/wp\/v2\/types\/post"}],"author":[{"embeddable":true,"href":"https:\/\/www.mn-nachrichten.de\/index.php?rest_route=\/wp\/v2\/users\/1674"}],"replies":[{"embeddable":true,"href":"https:\/\/www.mn-nachrichten.de\/index.php?rest_route=%2Fwp%2Fv2%2Fcomments&post=9556"}],"version-history":[{"count":1,"href":"https:\/\/www.mn-nachrichten.de\/index.php?rest_route=\/wp\/v2\/posts\/9556\/revisions"}],"predecessor-version":[{"id":9558,"href":"https:\/\/www.mn-nachrichten.de\/index.php?rest_route=\/wp\/v2\/posts\/9556\/revisions\/9558"}],"wp:attachment":[{"href":"https:\/\/www.mn-nachrichten.de\/index.php?rest_route=%2Fwp%2Fv2%2Fmedia&parent=9556"}],"wp:term":[{"taxonomy":"category","embeddable":true,"href":"https:\/\/www.mn-nachrichten.de\/index.php?rest_route=%2Fwp%2Fv2%2Fcategories&post=9556"},{"taxonomy":"post_tag","embeddable":true,"href":"https:\/\/www.mn-nachrichten.de\/index.php?rest_route=%2Fwp%2Fv2%2Ftags&post=9556"}],"curies":[{"name":"wp","href":"https:\/\/api.w.org\/{rel}","templated":true}]}}