{"id":940,"date":"2008-06-30T13:12:09","date_gmt":"2008-06-30T11:12:09","guid":{"rendered":"http:\/\/www.mn-nachrichten.de\/?p=940"},"modified":"2008-09-22T07:32:16","modified_gmt":"2008-09-22T05:32:16","slug":"tengoku-fur-die-weltmeisterschaft-qualifiziert","status":"publish","type":"post","link":"https:\/\/www.mn-nachrichten.de\/?p=940","title":{"rendered":"T\u00e9ng\u00f3ku f\u00fcr die Weltmeisterschaft qualifiziert"},"content":{"rendered":"<p>Die Nationalmannschaft des T\u00e9ng\u00f3ku Ky\u00f3wakoku konnte sich vorzeitig nach dem dritten Auftritt beim Mini-Turnier als bislang ungeschlagener Tabellenf\u00fchrer f\u00fcr die kommende Weltmeisterschaft qualifizieren. Nach dem Auftakterfolg gegen Sylfaen (3:0), wurden auch Adoly (5:2) und Gadoa (8:0) bezwungen und ist unserer Nationalmannschaft somit nicht mehr vom 1. Platz in der Qualifikationsgruppe A zu verdr\u00e4ngen.<\/p>\n<p>Nationaltrainer Ryo Yamamoto zeugte seinem jungen Team gro\u00dfen Respekt und ist sich nun mehr sicher, dass man auch bei der Weltmeisterschaft eine gut Rolle spielen wird.<\/p>\n<p>Das abschlie\u00dfende Gruppenspiel gegen die USSRAT ist somit eher von geringer Bedeutung.<\/p>\n","protected":false},"excerpt":{"rendered":"<p>Die Nationalmannschaft des T\u00e9ng\u00f3ku Ky\u00f3wakoku konnte sich vorzeitig nach dem dritten Auftritt beim Mini-Turnier als bislang ungeschlagener Tabellenf\u00fchrer f\u00fcr die kommende Weltmeisterschaft qualifizieren. Nach dem Auftakterfolg gegen Sylfaen (3:0), wurden auch Adoly (5:2) und Gadoa (8:0) bezwungen und ist unserer Nationalmannschaft somit nicht mehr vom 1. Platz in der Qualifikationsgruppe A zu verdr\u00e4ngen. Nationaltrainer Ryo [&hellip;]<\/p>\n","protected":false},"author":176,"featured_media":0,"comment_status":"open","ping_status":"closed","sticky":false,"template":"","format":"standard","meta":{"_crdt_document":"","footnotes":""},"categories":[4],"tags":[],"class_list":["post-940","post","type-post","status-publish","format-standard","hentry","category-sport"],"_links":{"self":[{"href":"https:\/\/www.mn-nachrichten.de\/index.php?rest_route=\/wp\/v2\/posts\/940","targetHints":{"allow":["GET"]}}],"collection":[{"href":"https:\/\/www.mn-nachrichten.de\/index.php?rest_route=\/wp\/v2\/posts"}],"about":[{"href":"https:\/\/www.mn-nachrichten.de\/index.php?rest_route=\/wp\/v2\/types\/post"}],"author":[{"embeddable":true,"href":"https:\/\/www.mn-nachrichten.de\/index.php?rest_route=\/wp\/v2\/users\/176"}],"replies":[{"embeddable":true,"href":"https:\/\/www.mn-nachrichten.de\/index.php?rest_route=%2Fwp%2Fv2%2Fcomments&post=940"}],"version-history":[{"count":1,"href":"https:\/\/www.mn-nachrichten.de\/index.php?rest_route=\/wp\/v2\/posts\/940\/revisions"}],"predecessor-version":[{"id":1196,"href":"https:\/\/www.mn-nachrichten.de\/index.php?rest_route=\/wp\/v2\/posts\/940\/revisions\/1196"}],"wp:attachment":[{"href":"https:\/\/www.mn-nachrichten.de\/index.php?rest_route=%2Fwp%2Fv2%2Fmedia&parent=940"}],"wp:term":[{"taxonomy":"category","embeddable":true,"href":"https:\/\/www.mn-nachrichten.de\/index.php?rest_route=%2Fwp%2Fv2%2Fcategories&post=940"},{"taxonomy":"post_tag","embeddable":true,"href":"https:\/\/www.mn-nachrichten.de\/index.php?rest_route=%2Fwp%2Fv2%2Ftags&post=940"}],"curies":[{"name":"wp","href":"https:\/\/api.w.org\/{rel}","templated":true}]}}