{"id":935,"date":"2008-06-28T03:47:33","date_gmt":"2008-06-28T01:47:33","guid":{"rendered":"http:\/\/www.mn-nachrichten.de\/?p=935"},"modified":"2008-06-28T03:47:33","modified_gmt":"2008-06-28T01:47:33","slug":"bergen-hat-einen-neuen-bundestag","status":"publish","type":"post","link":"https:\/\/www.mn-nachrichten.de\/?p=935","title":{"rendered":"Bergen hat einen neuen Bundestag"},"content":{"rendered":"<p><strong>Freie Stadt Bergen &#8211;<\/strong> Die Bundesrepublik Bergen hat gew\u00e4hlt und somit einen neuen Bundestag erhalten. Hierbei wurden die Sozialdemokraten (3 Mandate) st\u00e4rkste Partei. Den zweiten Platz teilen sich die geschw\u00e4chte GLP sowie die CVP (je 2), die zum ersten Mal antrat. Ebenfalls im Bundestag eingezogen ist die Nationale Front mit einem Abgeordneten.<\/p>\n<p>So gab es bei der Wahl zum Bundestagspr\u00e4sidenten selbst keine \u00dcberraschung und Dr. Peter Marx (SPB) wurde von der Koalition erwarungsgem\u00e4\u00df best\u00e4tigt. Dieser Trend bewahrheitete sich aber nicht bei der Stellvertreterwahl: Denn der GLP-Kandidat Kurt Reinhard Strauss unterlag dem Christdemokraten und Kulturschaffenden Andreas von Weyer \u00fcberraschend. Der unterlegene Kandidat verlie\u00df daraufhin emp\u00f6rt den Bundestag.<\/p>\n<p>Somit scheint die bergische rot-gr\u00fcne Koalition schon vor der Vereidigung eine erste Krise zu haben. Wie es hier weiter geht werden Sie selbstverst\u00e4ndlich bald erfahren. <\/p>\n","protected":false},"excerpt":{"rendered":"<p>Freie Stadt Bergen &#8211; Die Bundesrepublik Bergen hat gew\u00e4hlt und somit einen neuen Bundestag erhalten. Hierbei wurden die Sozialdemokraten (3 Mandate) st\u00e4rkste Partei. Den zweiten Platz teilen sich die geschw\u00e4chte GLP sowie die CVP (je 2), die zum ersten Mal antrat. Ebenfalls im Bundestag eingezogen ist die Nationale Front mit einem Abgeordneten. So gab es [&hellip;]<\/p>\n","protected":false},"author":74,"featured_media":0,"comment_status":"open","ping_status":"closed","sticky":false,"template":"","format":"standard","meta":{"_crdt_document":"","footnotes":""},"categories":[1,39],"tags":[],"class_list":["post-935","post","type-post","status-publish","format-standard","hentry","category-international","category-bergen"],"_links":{"self":[{"href":"https:\/\/www.mn-nachrichten.de\/index.php?rest_route=\/wp\/v2\/posts\/935","targetHints":{"allow":["GET"]}}],"collection":[{"href":"https:\/\/www.mn-nachrichten.de\/index.php?rest_route=\/wp\/v2\/posts"}],"about":[{"href":"https:\/\/www.mn-nachrichten.de\/index.php?rest_route=\/wp\/v2\/types\/post"}],"author":[{"embeddable":true,"href":"https:\/\/www.mn-nachrichten.de\/index.php?rest_route=\/wp\/v2\/users\/74"}],"replies":[{"embeddable":true,"href":"https:\/\/www.mn-nachrichten.de\/index.php?rest_route=%2Fwp%2Fv2%2Fcomments&post=935"}],"version-history":[{"count":0,"href":"https:\/\/www.mn-nachrichten.de\/index.php?rest_route=\/wp\/v2\/posts\/935\/revisions"}],"wp:attachment":[{"href":"https:\/\/www.mn-nachrichten.de\/index.php?rest_route=%2Fwp%2Fv2%2Fmedia&parent=935"}],"wp:term":[{"taxonomy":"category","embeddable":true,"href":"https:\/\/www.mn-nachrichten.de\/index.php?rest_route=%2Fwp%2Fv2%2Fcategories&post=935"},{"taxonomy":"post_tag","embeddable":true,"href":"https:\/\/www.mn-nachrichten.de\/index.php?rest_route=%2Fwp%2Fv2%2Ftags&post=935"}],"curies":[{"name":"wp","href":"https:\/\/api.w.org\/{rel}","templated":true}]}}