{"id":934,"date":"2008-06-28T03:39:09","date_gmt":"2008-06-28T01:39:09","guid":{"rendered":"http:\/\/www.mn-nachrichten.de\/?p=934"},"modified":"2008-06-29T00:31:21","modified_gmt":"2008-06-28T22:31:21","slug":"sauter-will-neues-freiland-anerkennen","status":"publish","type":"post","link":"https:\/\/www.mn-nachrichten.de\/?p=934","title":{"rendered":"Sauter will neues Freiland anerkennen"},"content":{"rendered":"<p>&#8222;In Freiland befindet sich derzeit eine demokratische Volksbewegung, die eine Unabh\u00e4ngigkeit von Noeresund einfordert. Ich selbst spreche mich daf\u00fcr aus diese zu unterst\u00fctzen und einem Land, welches seine Freiheit will, diese auch zu geben.&#8220; so die Oppositionsf\u00fchrerin Sauter.<\/p>\n<p>&#8222;Ich werde daher ein Telegramm nach Freiland schicken und gleichzeitig baldm\u00f6glichst im Bergischen Bundestag das Thema auf die Tagesordnung setzen.&#8220; so die CVP-Vorsitzende abschlie\u00dfend.<\/p>\n","protected":false},"excerpt":{"rendered":"<p>&#8222;In Freiland befindet sich derzeit eine demokratische Volksbewegung, die eine Unabh\u00e4ngigkeit von Noeresund einfordert. Ich selbst spreche mich daf\u00fcr aus diese zu unterst\u00fctzen und einem Land, welches seine Freiheit will, diese auch zu geben.&#8220; so die Oppositionsf\u00fchrerin Sauter. &#8222;Ich werde daher ein Telegramm nach Freiland schicken und gleichzeitig baldm\u00f6glichst im Bergischen Bundestag das Thema auf [&hellip;]<\/p>\n","protected":false},"author":74,"featured_media":0,"comment_status":"open","ping_status":"closed","sticky":false,"template":"","format":"standard","meta":{"_crdt_document":"","footnotes":""},"categories":[1,39],"tags":[],"class_list":["post-934","post","type-post","status-publish","format-standard","hentry","category-international","category-bergen"],"_links":{"self":[{"href":"https:\/\/www.mn-nachrichten.de\/index.php?rest_route=\/wp\/v2\/posts\/934","targetHints":{"allow":["GET"]}}],"collection":[{"href":"https:\/\/www.mn-nachrichten.de\/index.php?rest_route=\/wp\/v2\/posts"}],"about":[{"href":"https:\/\/www.mn-nachrichten.de\/index.php?rest_route=\/wp\/v2\/types\/post"}],"author":[{"embeddable":true,"href":"https:\/\/www.mn-nachrichten.de\/index.php?rest_route=\/wp\/v2\/users\/74"}],"replies":[{"embeddable":true,"href":"https:\/\/www.mn-nachrichten.de\/index.php?rest_route=%2Fwp%2Fv2%2Fcomments&post=934"}],"version-history":[{"count":0,"href":"https:\/\/www.mn-nachrichten.de\/index.php?rest_route=\/wp\/v2\/posts\/934\/revisions"}],"wp:attachment":[{"href":"https:\/\/www.mn-nachrichten.de\/index.php?rest_route=%2Fwp%2Fv2%2Fmedia&parent=934"}],"wp:term":[{"taxonomy":"category","embeddable":true,"href":"https:\/\/www.mn-nachrichten.de\/index.php?rest_route=%2Fwp%2Fv2%2Fcategories&post=934"},{"taxonomy":"post_tag","embeddable":true,"href":"https:\/\/www.mn-nachrichten.de\/index.php?rest_route=%2Fwp%2Fv2%2Ftags&post=934"}],"curies":[{"name":"wp","href":"https:\/\/api.w.org\/{rel}","templated":true}]}}