{"id":9330,"date":"2022-04-07T16:52:59","date_gmt":"2022-04-07T14:52:59","guid":{"rendered":"https:\/\/www.mn-nachrichten.de\/?p=9330"},"modified":"2022-04-07T17:06:34","modified_gmt":"2022-04-07T15:06:34","slug":"wahlen-in-farnestan","status":"publish","type":"post","link":"https:\/\/www.mn-nachrichten.de\/?p=9330","title":{"rendered":"Wahlen in Farnestan"},"content":{"rendered":"\n<p class=\"wp-block-paragraph\"><strong>Natul<\/strong>. <a href=\"http:\/\/www.turanien.de\/forum\/user\/3832-hewad-vali\/\">Hewad Vali<\/a>, Anf\u00fchrer der <a href=\"http:\/\/www.turanien.de\/forum\/forum\/thread\/6961-jabha-ye-najat-e-milli-ye-nuristan\/?postID=144989#post144989\">Nationalen Befreiungsfront Nuristan<\/a>, die Farnestan unter ihre Kontrolle bringen konnte, k\u00fcndigt alsbaldige freie und demokratische Wahlen an. Man bef\u00e4nde sich in umfassenden Gespr\u00e4chen mit den verschiedenen Stammes- und Religionsvertretern in Farnestan \u00fcber die baldige Durchf\u00fchrung von Wahlen.&nbsp; Vali sagt: &#8222;Wir als NBN haben ganz deutlich gemacht, dass diese Wahlen kommen werden und dass diese Wahlen demokratischen Grunds\u00e4tzen entsprechen werden. Egal welcher Religion, egal wie arm, egal welches Geschlecht \u2013 alle Menschen in Farnestan sollen ihre Stimme abgeben d\u00fcrfen. Um die Korrektheit der Wahlen zu garantieren, konnten wir uns bereits darauf verst\u00e4ndigen, dass die Wahlen unter internationaler Wahlbeobachtung stehen sollen. Daher bitte ich die Staaten der Weltgemeinschaft um Unterst\u00fctzung bei diesem f\u00fcr Farnestan und seine Menschen so wichtigem Ereignis\u201c.<\/p>\n\n\n\n<p class=\"wp-block-paragraph\">Die letzten halbwegs freien Wahlen fanden in den 1950iger Jahren unter Pr\u00e4sident Mohammed al-Walid statt. Hewad Vali kann sich \u00fcber eine gro\u00dfe Unterst\u00fctzung in weiten Teilen der Bev\u00f6lkerung, aber auch der Clans und St\u00e4mme, freuen, die sich entweder mit der NBN arrangiert haben oder sehr oft mit dieser eng zusammenarbeiten, um den Aufbau des Landes gemeinsam voranzutreiben. Insbesondere der Einsatz der NBN nach dem gro\u00dfen Erdbeben letzten Jahr hat der Organisation gro\u00dfe Sympathien bereitet.<\/p>\n\n\n\n<p class=\"wp-block-paragraph\"><\/p>\n","protected":false},"excerpt":{"rendered":"<p>Natul. Hewad Vali, Anf\u00fchrer der Nationalen Befreiungsfront Nuristan, die Farnestan unter ihre Kontrolle bringen konnte, k\u00fcndigt alsbaldige freie und demokratische Wahlen an. Man bef\u00e4nde sich in umfassenden Gespr\u00e4chen mit den verschiedenen Stammes- und Religionsvertretern in Farnestan \u00fcber die baldige Durchf\u00fchrung von Wahlen.&nbsp; Vali sagt: &#8222;Wir als NBN haben ganz deutlich gemacht, dass diese Wahlen kommen [&hellip;]<\/p>\n","protected":false},"author":15404,"featured_media":0,"comment_status":"closed","ping_status":"closed","sticky":false,"template":"","format":"standard","meta":{"_crdt_document":"","footnotes":""},"categories":[1],"tags":[],"class_list":["post-9330","post","type-post","status-publish","format-standard","hentry","category-international"],"_links":{"self":[{"href":"https:\/\/www.mn-nachrichten.de\/index.php?rest_route=\/wp\/v2\/posts\/9330","targetHints":{"allow":["GET"]}}],"collection":[{"href":"https:\/\/www.mn-nachrichten.de\/index.php?rest_route=\/wp\/v2\/posts"}],"about":[{"href":"https:\/\/www.mn-nachrichten.de\/index.php?rest_route=\/wp\/v2\/types\/post"}],"author":[{"embeddable":true,"href":"https:\/\/www.mn-nachrichten.de\/index.php?rest_route=\/wp\/v2\/users\/15404"}],"replies":[{"embeddable":true,"href":"https:\/\/www.mn-nachrichten.de\/index.php?rest_route=%2Fwp%2Fv2%2Fcomments&post=9330"}],"version-history":[{"count":2,"href":"https:\/\/www.mn-nachrichten.de\/index.php?rest_route=\/wp\/v2\/posts\/9330\/revisions"}],"predecessor-version":[{"id":9332,"href":"https:\/\/www.mn-nachrichten.de\/index.php?rest_route=\/wp\/v2\/posts\/9330\/revisions\/9332"}],"wp:attachment":[{"href":"https:\/\/www.mn-nachrichten.de\/index.php?rest_route=%2Fwp%2Fv2%2Fmedia&parent=9330"}],"wp:term":[{"taxonomy":"category","embeddable":true,"href":"https:\/\/www.mn-nachrichten.de\/index.php?rest_route=%2Fwp%2Fv2%2Fcategories&post=9330"},{"taxonomy":"post_tag","embeddable":true,"href":"https:\/\/www.mn-nachrichten.de\/index.php?rest_route=%2Fwp%2Fv2%2Ftags&post=9330"}],"curies":[{"name":"wp","href":"https:\/\/api.w.org\/{rel}","templated":true}]}}