{"id":933,"date":"2008-06-27T20:45:22","date_gmt":"2008-06-27T18:45:22","guid":{"rendered":"http:\/\/www.mn-nachrichten.de\/?p=933"},"modified":"2008-06-27T20:45:50","modified_gmt":"2008-06-27T18:45:50","slug":"qualifikation-des-precio-internacional-de-la-republica-tolanica-beendet","status":"publish","type":"post","link":"https:\/\/www.mn-nachrichten.de\/?p=933","title":{"rendered":"Qualifikation des Precio Internacional de la Rep\u00fablica Tolanica beendet"},"content":{"rendered":"<p>Soeben ging die Qualifikationsrunde zum Precio Internacional de la Rep\u00fablica Tolanica zu Ende. Stian Thorvik (\u00c9curie MWC-Alliance) konnte sich mit einer sehr guten Zeit die Pole Position sichern. Neben ihm wird Edward Fulleroni (Motori Union) ins Rennen gehen. Erwin Jardine (Cheval Sauvage) und Achman bin-nesal (Solaman Dragons) teilen sich die zweite Startreihe. Wie zu erwarten war kamen die Teams unterschiedlich gut mit den herrschenden Bedingungen zurecht. W\u00e4hrend der Qualifikation katapultierte sich unter anderem Gerd Berger vom Team GRC Arcor ins Kiesbett und musste abbrechen. Er d\u00fcrfte f\u00fcr das Rennen allerdings rechtzeitig wieder einsatzbereit sein. Die angereisten Fans sahen eine spannende Qualifikation in der bis kurz vor Schluss alles offen war, wie etwa als Keith Borthwick (Cheval Sauvage) gegen Ende nur knapp an der Bestzeit vorbeirauschte.<\/p>\n<p>Die offiziellen Qualifikationszeiten und damit die Startaufstellung zum Formel A Rennen in Tolanica:<\/p>\n<ul>\n<li> 1. Stian Thorvik (\u00c9curie MWC-Alliance) 01:58:05 Minuten<\/li>\n<li> 2. Edward Fulleroni (Motori Union) 01:58:11 Minuten<\/li>\n<li> 3. Erwin Jardine (Cheval Sauvage) 01:58:22 Minuten<\/li>\n<li> 4. Achman bin-nesal (Solaman Dragons) 01:58:25 Minuten<\/li>\n<li> 5. Keith Borthwick (Cheval Sauvage) 01:58:39 Minuten<\/li>\n<li> 6. Li Xi Pao (Team Chinopien) 01:58:63 Minuten<\/li>\n<li> 7. Gerd Berger (GRC Arcor) 01:59:02 Minuten<\/li>\n<li> 8. Pen\u00e9lope Segarra Torre (Santana Motorismo Grupo) 01:59:05 Minuten<\/li>\n<li> 9. Joachim Rindt (GRC Arcor) 01:59:09 Minuten<\/li>\n<li> 10. Viliaris (Team Aquila) 02:00:14 Minuten<\/li>\n<li> 11. Aitor Siena (Irkania Racing Team) 02:00:36 Minuten<\/li>\n<li> 12. Fernando Olansa (Scuderia Saprissa-Terrari) 02:01:01 Minuten<\/li>\n<li> 13. Toralf Boyesen (K\u00f6niglich-Tehurianisches Team) 02:01:25 Minuten<\/li>\n<li> 14. Himaltoz (Scuderia Saprissa-Terrari) 02:02:15 Minuten<\/li>\n<li> 15. C\u00e9sar Le\u00f3n de Aranoa (Santana Motorismo Grupo) 02:02:38 Minuten<\/li>\n<li> 16. Rangu Sharung (Team Chinopien) 02:02:70 Minuten<\/li>\n<li> 17. Madeleine Leveque (\u00c9curie MWC-Alliance) 02:02:75 Minuten<\/li>\n<li> 18. Mike Drees (Motori Union) 02:03:08 Minuten<\/li>\n<li> 19. Alaric (Team Aquila) 02:03:19 Minuten<\/li>\n<li> 20. ArdalAn al-fasil (Solaman Dragons) 02:03:36 Minuten<\/li>\n<li> 21. Thorfynn Rynt (Irkania Racing Team) 02:03:49 Minuten<\/li>\n<li> 22. J\u00f3n K\u00e1rason (K\u00f6niglich-Tehurianisches Team) 02:03:70 Minuten<\/li>\n<\/ul>\n","protected":false},"excerpt":{"rendered":"<p>Soeben ging die Qualifikationsrunde zum Precio Internacional de la Rep\u00fablica Tolanica zu Ende. Stian Thorvik (\u00c9curie MWC-Alliance) konnte sich mit einer sehr guten Zeit die Pole Position sichern. Neben ihm wird Edward Fulleroni (Motori Union) ins Rennen gehen. Erwin Jardine (Cheval Sauvage) und Achman bin-nesal (Solaman Dragons) teilen sich die zweite Startreihe. Wie zu erwarten [&hellip;]<\/p>\n","protected":false},"author":173,"featured_media":0,"comment_status":"open","ping_status":"closed","sticky":false,"template":"","format":"standard","meta":{"_crdt_document":"","footnotes":""},"categories":[1],"tags":[],"class_list":["post-933","post","type-post","status-publish","format-standard","hentry","category-international"],"_links":{"self":[{"href":"https:\/\/www.mn-nachrichten.de\/index.php?rest_route=\/wp\/v2\/posts\/933","targetHints":{"allow":["GET"]}}],"collection":[{"href":"https:\/\/www.mn-nachrichten.de\/index.php?rest_route=\/wp\/v2\/posts"}],"about":[{"href":"https:\/\/www.mn-nachrichten.de\/index.php?rest_route=\/wp\/v2\/types\/post"}],"author":[{"embeddable":true,"href":"https:\/\/www.mn-nachrichten.de\/index.php?rest_route=\/wp\/v2\/users\/173"}],"replies":[{"embeddable":true,"href":"https:\/\/www.mn-nachrichten.de\/index.php?rest_route=%2Fwp%2Fv2%2Fcomments&post=933"}],"version-history":[{"count":0,"href":"https:\/\/www.mn-nachrichten.de\/index.php?rest_route=\/wp\/v2\/posts\/933\/revisions"}],"wp:attachment":[{"href":"https:\/\/www.mn-nachrichten.de\/index.php?rest_route=%2Fwp%2Fv2%2Fmedia&parent=933"}],"wp:term":[{"taxonomy":"category","embeddable":true,"href":"https:\/\/www.mn-nachrichten.de\/index.php?rest_route=%2Fwp%2Fv2%2Fcategories&post=933"},{"taxonomy":"post_tag","embeddable":true,"href":"https:\/\/www.mn-nachrichten.de\/index.php?rest_route=%2Fwp%2Fv2%2Ftags&post=933"}],"curies":[{"name":"wp","href":"https:\/\/api.w.org\/{rel}","templated":true}]}}