{"id":932,"date":"2008-06-27T17:59:08","date_gmt":"2008-06-27T15:59:08","guid":{"rendered":"http:\/\/www.mn-nachrichten.de\/?p=932"},"modified":"2008-06-27T17:59:08","modified_gmt":"2008-06-27T15:59:08","slug":"ussratandrogenosse-ignaf-tritt-zuruck-zukunft-ungewiss","status":"publish","type":"post","link":"https:\/\/www.mn-nachrichten.de\/?p=932","title":{"rendered":"[USSRAT\/Andro]Genosse Ignaf tritt zur\u00fcck! &#8211; Zukunft ungewiss?"},"content":{"rendered":"<p>Am heutigen Freitag, den 27. Juni 2008, ist Genosse Ignaf im Zarenreich Andro von seinen \u00c4mtern als Minister zur\u00fcckgetreten. Er war seit Anfang 2007 bereits in der SSU Andro f\u00fcr den Bereich Wirtschaft verantwortlich, schon damals nicht immer Kritikfrei.<\/p>\n<p>Er selbst nannte &#8222;pers\u00f6nliche Gr\u00fcnde&#8220; als Ursache f\u00fcr den R\u00fccktritt. Weiteres ist nicht bekannt. In der USSRAT herrscht eine Nachrichtensperre was den Genossen angeht. Da Zuwiederhandlungenmit sofortiger Haft bestraft werden, traut sich derzeit keiner unserer Journalisten die Hintergr\u00fcnde des Ganzen n\u00e4her zu beleuchten.<\/p>\n<p>Zumindst die Bev\u00f6lkerung von K\u00f6penick macht sich offen Sorgen um &#8222;Ihren&#8220; Verwalter. Dereinst war  Ignaf K\u00f6nig von K\u00f6penick, bis zum Beitritt zur USSRAT. Ziel war damals die Stabilisierung des Landes, Vernichtung der nationalen Str\u00f6mungen. Bis heute war dieser Zusammenschluss f\u00fcr beide L\u00e4nder eher positiv zu werten. In Igelburg hofft man auf eine baldige Kl\u00e4rung der verwirrenden Umst\u00e4nde.<\/p>\n","protected":false},"excerpt":{"rendered":"<p>Am heutigen Freitag, den 27. Juni 2008, ist Genosse Ignaf im Zarenreich Andro von seinen \u00c4mtern als Minister zur\u00fcckgetreten. Er war seit Anfang 2007 bereits in der SSU Andro f\u00fcr den Bereich Wirtschaft verantwortlich, schon damals nicht immer Kritikfrei. Er selbst nannte &#8222;pers\u00f6nliche Gr\u00fcnde&#8220; als Ursache f\u00fcr den R\u00fccktritt. Weiteres ist nicht bekannt. In der [&hellip;]<\/p>\n","protected":false},"author":124,"featured_media":0,"comment_status":"open","ping_status":"closed","sticky":false,"template":"","format":"standard","meta":{"_crdt_document":"","footnotes":""},"categories":[3,42],"tags":[],"class_list":["post-932","post","type-post","status-publish","format-standard","hentry","category-wirtschaft","category-andro"],"_links":{"self":[{"href":"https:\/\/www.mn-nachrichten.de\/index.php?rest_route=\/wp\/v2\/posts\/932","targetHints":{"allow":["GET"]}}],"collection":[{"href":"https:\/\/www.mn-nachrichten.de\/index.php?rest_route=\/wp\/v2\/posts"}],"about":[{"href":"https:\/\/www.mn-nachrichten.de\/index.php?rest_route=\/wp\/v2\/types\/post"}],"author":[{"embeddable":true,"href":"https:\/\/www.mn-nachrichten.de\/index.php?rest_route=\/wp\/v2\/users\/124"}],"replies":[{"embeddable":true,"href":"https:\/\/www.mn-nachrichten.de\/index.php?rest_route=%2Fwp%2Fv2%2Fcomments&post=932"}],"version-history":[{"count":0,"href":"https:\/\/www.mn-nachrichten.de\/index.php?rest_route=\/wp\/v2\/posts\/932\/revisions"}],"wp:attachment":[{"href":"https:\/\/www.mn-nachrichten.de\/index.php?rest_route=%2Fwp%2Fv2%2Fmedia&parent=932"}],"wp:term":[{"taxonomy":"category","embeddable":true,"href":"https:\/\/www.mn-nachrichten.de\/index.php?rest_route=%2Fwp%2Fv2%2Fcategories&post=932"},{"taxonomy":"post_tag","embeddable":true,"href":"https:\/\/www.mn-nachrichten.de\/index.php?rest_route=%2Fwp%2Fv2%2Ftags&post=932"}],"curies":[{"name":"wp","href":"https:\/\/api.w.org\/{rel}","templated":true}]}}