{"id":9286,"date":"2021-12-20T19:01:56","date_gmt":"2021-12-20T18:01:56","guid":{"rendered":"https:\/\/www.mn-nachrichten.de\/?p=9286"},"modified":"2021-12-20T19:01:56","modified_gmt":"2021-12-20T18:01:56","slug":"novarische-exporte-kraeftig-gestiegen","status":"publish","type":"post","link":"https:\/\/www.mn-nachrichten.de\/?p=9286","title":{"rendered":"Novarische Exporte kr\u00e4ftig gestiegen"},"content":{"rendered":"\n<p class=\"wp-block-paragraph\">20.12.2021<\/p>\n\n\n\n<h3 class=\"wp-block-heading\" id=\"bfaac671-novarische-exporte-steuern-auf-rekordniveau-zu\"><strong>Novarische Exporte steuern auf Rekordniveau zu<\/strong><\/h3>\n\n\n\n<p class=\"wp-block-paragraph\"><strong><a href=\"https:\/\/gran-novara.de\/lexicon\/index.php?entry\/33-mediana\/\">Mediana<\/a><\/strong>. Der weltweite Wirtschaftsaufschwung hat der novarischen Exportindustrie im Jahr 2021 zu kr\u00e4ftigen Wachstumsraten verholfen. Die Ausfuhren der Unternehmen summierten sich nach Berechnungen des K\u00f6niglichen Statistikamtes auf einen Wert von 997,7 Milliarden <a href=\"https:\/\/gran-novara.de\/lexicon\/index.php?entry\/64-avere\/\">Avere<\/a>. Das bedeutete ein Plus von 18,5 Prozent im Vergleich mit dem Rezessionsjahr 2020 nach der Aufl\u00f6sung des Imperiums.<\/p>\n\n\n\n<p class=\"wp-block-paragraph\">Der st\u00e4rkste Zuwachs seit 1977 reichte aufgrund des massiven Einbruchs in der Wirtschaftskrise 2020 aber nicht aus, um die bisherigen Rekorde der Jahre 2008 und 2009 zu \u00fcbertreffen. Das wird nach Sch\u00e4tzungen des K\u00f6niglichen Statistikamtes aber im Jahr 2022 gelingen. Prognosen zufolge werden novarische Unternehmen 2022 zum ersten Mal Waren im Wert von einer Billion <a href=\"https:\/\/gran-novara.de\/lexicon\/index.php?entry\/64-avere\/\">Avere<\/a> exportieren.<\/p>\n\n\n\n<p class=\"wp-block-paragraph\">Die gro\u00dfe Nachfrage internationaler Kunden verhalf auch der novarischen Industrie im vergangenen Jahr zu deutlichen Umsatzsteigerungen. Die Erl\u00f6se legten im Vergleich mit dem Krisenjahr 2020 um 10,7 Prozent zu. Besonders gut lief es im Exportgesch\u00e4ft: Hier stiegen die Ums\u00e4tze um 15,7 Prozent, auch die Zuwachsrate im Inland lag mit 12,7 Prozent h\u00f6her als noch im Jahr 2020 prognostiziert.<\/p>\n\n\n\n<p class=\"wp-block-paragraph\">Dem wachsenden internationalen Erfolg novarischer Produkte steht ein noch h\u00f6heres Wachstum der Importe nach Gran Novara gegen\u00fcber. Die Einfuhren stiegen um 20,0 Prozent auf 897,7 Milliarden <a href=\"https:\/\/gran-novara.de\/lexicon\/index.php?entry\/64-avere\/\">Avere<\/a>. Der Au\u00dfenhandels\u00fcberschuss summierte sich damit auf 102 Milliarden <a href=\"https:\/\/gran-novara.de\/lexicon\/index.php?entry\/64-avere\/\">Avere<\/a>. 2009 hatte die Differenz zwischen Aus- und Einfuhren des K\u00f6nigreichs Gran Novara noch bei 38,7 Milliarden Euro gelegen.<\/p>\n","protected":false},"excerpt":{"rendered":"<p>20.12.2021 Novarische Exporte steuern auf Rekordniveau zu Mediana. Der weltweite Wirtschaftsaufschwung hat der novarischen Exportindustrie im Jahr 2021 zu kr\u00e4ftigen Wachstumsraten verholfen. Die Ausfuhren der Unternehmen summierten sich nach Berechnungen des K\u00f6niglichen Statistikamtes auf einen Wert von 997,7 Milliarden Avere. Das bedeutete ein Plus von 18,5 Prozent im Vergleich mit dem Rezessionsjahr 2020 nach der [&hellip;]<\/p>\n","protected":false},"author":15404,"featured_media":9287,"comment_status":"closed","ping_status":"closed","sticky":false,"template":"","format":"standard","meta":{"_crdt_document":"","footnotes":""},"categories":[3,89],"tags":[654],"class_list":["post-9286","post","type-post","status-publish","format-standard","has-post-thumbnail","hentry","category-wirtschaft","category-gran-novara","tag-gran-novara"],"_links":{"self":[{"href":"https:\/\/www.mn-nachrichten.de\/index.php?rest_route=\/wp\/v2\/posts\/9286","targetHints":{"allow":["GET"]}}],"collection":[{"href":"https:\/\/www.mn-nachrichten.de\/index.php?rest_route=\/wp\/v2\/posts"}],"about":[{"href":"https:\/\/www.mn-nachrichten.de\/index.php?rest_route=\/wp\/v2\/types\/post"}],"author":[{"embeddable":true,"href":"https:\/\/www.mn-nachrichten.de\/index.php?rest_route=\/wp\/v2\/users\/15404"}],"replies":[{"embeddable":true,"href":"https:\/\/www.mn-nachrichten.de\/index.php?rest_route=%2Fwp%2Fv2%2Fcomments&post=9286"}],"version-history":[{"count":1,"href":"https:\/\/www.mn-nachrichten.de\/index.php?rest_route=\/wp\/v2\/posts\/9286\/revisions"}],"predecessor-version":[{"id":9288,"href":"https:\/\/www.mn-nachrichten.de\/index.php?rest_route=\/wp\/v2\/posts\/9286\/revisions\/9288"}],"wp:featuredmedia":[{"embeddable":true,"href":"https:\/\/www.mn-nachrichten.de\/index.php?rest_route=\/wp\/v2\/media\/9287"}],"wp:attachment":[{"href":"https:\/\/www.mn-nachrichten.de\/index.php?rest_route=%2Fwp%2Fv2%2Fmedia&parent=9286"}],"wp:term":[{"taxonomy":"category","embeddable":true,"href":"https:\/\/www.mn-nachrichten.de\/index.php?rest_route=%2Fwp%2Fv2%2Fcategories&post=9286"},{"taxonomy":"post_tag","embeddable":true,"href":"https:\/\/www.mn-nachrichten.de\/index.php?rest_route=%2Fwp%2Fv2%2Ftags&post=9286"}],"curies":[{"name":"wp","href":"https:\/\/api.w.org\/{rel}","templated":true}]}}