{"id":9279,"date":"2021-10-14T00:09:39","date_gmt":"2021-10-13T22:09:39","guid":{"rendered":"https:\/\/www.mn-nachrichten.de\/?p=9279"},"modified":"2021-12-30T16:49:53","modified_gmt":"2021-12-30T15:49:53","slug":"gran-novara-oeffnet-grenzen","status":"publish","type":"post","link":"https:\/\/www.mn-nachrichten.de\/?p=9279","title":{"rendered":"Gran Novara \u00f6ffnet Grenzen"},"content":{"rendered":"\n<p class=\"wp-block-paragraph\">Mediana. Nach einer kurzzeitigen Schlie\u00dfung der novarischen Grenzen zur Fluchtabwehr gesuchter Verbrecher werden die novarischen Grenzen, H\u00e4fen wie auch der Luftraum ab 6 Uhr des 14.10.2021 wieder ge\u00f6ffnet. Regierungssprecherin Antonietta Manca verk\u00fcndete dies am Abend. <\/p>\n\n\n\n<p class=\"wp-block-paragraph\">Sie verband dies mit einer Bitte um Entschuldigung an die Partner und Freunde des novarischen K\u00f6nigreichs aufgrund der entstandenen Unannehmlichkeiten.<\/p>\n\n\n\n<p class=\"wp-block-paragraph\">Des Weiteren entlastete Manca auch einen der ber\u00fchmtesten Novaren, Giuseppe de Rossi. Nach Erkenntnissen der k\u00f6niglich-novarischen Ermittlungsbeh\u00f6rden konnte keine direkte Beteiligung an den Anschlags- und Umsturzplanungen nachgewiesen werden, so dass de Rossi aufgerufen wurde sich den k\u00f6niglich-novarischen Beh\u00f6rdern zu stellen. <\/p>\n\n\n\n<p class=\"wp-block-paragraph\">Abschlie\u00dfend der Wortlaut der novarischen Regierungssprecherin:<\/p>\n\n\n\n<p class=\"wp-block-paragraph\">&#8222;Aufgrund der Ma\u00dfnahme der Grenzschlie\u00dfungen konnten eine Reihe von Planern f\u00fcr ein Attentats auf unseren K\u00f6nig festgenommen werden. Die Staatsanwaltschaft, der umfassende Erkenntnisse und Beweise vorliegen, wird Anfang der kommenden Woche Anklage gegen die Verschw\u00f6rer erheben. Die Grenzen des K\u00f6nigreichs werden ab morgen 6.00 Uhr wieder ge\u00f6ffnet sein. Wir bitten bei allen ausl\u00e4ndischen Freunden und Partnern f\u00fcr etwaige Unannehmlichkeiten um Entschuldigung und hoffe auf ihr Verst\u00e4ndnis aufgrund der au\u00dfergew\u00f6hnlichen Situation.<\/p>\n\n\n\n<p class=\"wp-block-paragraph\">Der F\u00fchrer der <a href=\"https:\/\/gran-novara.de\/lexicon\/index.php?entry\/29-kommunisten\/&amp;synonym=100\">Kommunisten<\/a> de Rossi, dem den neuesten Ermittlungserkenntnissen nach keine direkte Beteiligung an den Planungen nachgewiesen werden kann, ist aufgerufen sich den Beh\u00f6rden des K\u00f6nigs zu stellen.&#8220;<\/p>\n","protected":false},"excerpt":{"rendered":"<p>Mediana. Nach einer kurzzeitigen Schlie\u00dfung der novarischen Grenzen zur Fluchtabwehr gesuchter Verbrecher werden die novarischen Grenzen, H\u00e4fen wie auch der Luftraum ab 6 Uhr des 14.10.2021 wieder ge\u00f6ffnet. Regierungssprecherin Antonietta Manca verk\u00fcndete dies am Abend. Sie verband dies mit einer Bitte um Entschuldigung an die Partner und Freunde des novarischen K\u00f6nigreichs aufgrund der entstandenen Unannehmlichkeiten. [&hellip;]<\/p>\n","protected":false},"author":15404,"featured_media":0,"comment_status":"closed","ping_status":"closed","sticky":false,"template":"","format":"standard","meta":{"_crdt_document":"","footnotes":""},"categories":[89],"tags":[],"class_list":["post-9279","post","type-post","status-publish","format-standard","hentry","category-gran-novara"],"_links":{"self":[{"href":"https:\/\/www.mn-nachrichten.de\/index.php?rest_route=\/wp\/v2\/posts\/9279","targetHints":{"allow":["GET"]}}],"collection":[{"href":"https:\/\/www.mn-nachrichten.de\/index.php?rest_route=\/wp\/v2\/posts"}],"about":[{"href":"https:\/\/www.mn-nachrichten.de\/index.php?rest_route=\/wp\/v2\/types\/post"}],"author":[{"embeddable":true,"href":"https:\/\/www.mn-nachrichten.de\/index.php?rest_route=\/wp\/v2\/users\/15404"}],"replies":[{"embeddable":true,"href":"https:\/\/www.mn-nachrichten.de\/index.php?rest_route=%2Fwp%2Fv2%2Fcomments&post=9279"}],"version-history":[{"count":3,"href":"https:\/\/www.mn-nachrichten.de\/index.php?rest_route=\/wp\/v2\/posts\/9279\/revisions"}],"predecessor-version":[{"id":9294,"href":"https:\/\/www.mn-nachrichten.de\/index.php?rest_route=\/wp\/v2\/posts\/9279\/revisions\/9294"}],"wp:attachment":[{"href":"https:\/\/www.mn-nachrichten.de\/index.php?rest_route=%2Fwp%2Fv2%2Fmedia&parent=9279"}],"wp:term":[{"taxonomy":"category","embeddable":true,"href":"https:\/\/www.mn-nachrichten.de\/index.php?rest_route=%2Fwp%2Fv2%2Fcategories&post=9279"},{"taxonomy":"post_tag","embeddable":true,"href":"https:\/\/www.mn-nachrichten.de\/index.php?rest_route=%2Fwp%2Fv2%2Ftags&post=9279"}],"curies":[{"name":"wp","href":"https:\/\/api.w.org\/{rel}","templated":true}]}}