{"id":910,"date":"2008-06-11T22:29:04","date_gmt":"2008-06-11T20:29:04","guid":{"rendered":"http:\/\/www.mn-nachrichten.de\/?p=910"},"modified":"2008-06-11T22:35:50","modified_gmt":"2008-06-11T20:35:50","slug":"grosfurst-alexander-iii-verstorben-was-wird-aus-der-union","status":"publish","type":"post","link":"https:\/\/www.mn-nachrichten.de\/?p=910","title":{"rendered":"[Priedgallen-M\u00fcnzberg] Gro\u00dff\u00fcrst Alexander III. verstorben &#8211; Was wird aus der Union?"},"content":{"rendered":"<p><strong>Unterj\u00f6hlheim<\/strong>   Gro\u00dff\u00fcrst Alexander ist tot<\/p>\n<p>Wie bekannt wurde ist der Gro\u00dff\u00fcrst heute in den fr\u00fchen Morgenstunden in einer Klinik in Unterj\u00f6hlheim aus bislang noch nicht genau gekl\u00e4rten Gr\u00fcnden verstorben.<br \/>\nAlexander war erst vor wenigen Monaten gemeinsam mit seiner Frau Dzintra aus Priedgallen zum Gro\u00dff\u00fcrsten der Union Priedgallen &#8211; M\u00fcnzberg erhoben worden.<br \/>\nWas der Verlust f\u00fcr die Union bedeutet ist noch nicht klar. Alexander hatte f\u00fcr die Zeit seines Urlaubes, in dessen Zeit sein \u00fcberraschender Tod f\u00e4llt, seinen Bruder Raphael bevollm\u00e4chtigt. Dieser hatte mit Johann Friedrich von Fassenbach einen neuen Staatskanzler ernannt, der l\u00e4ngst \u00fcberf\u00e4llige Reformen einleitete, die den Fortbestand der Union sichern k\u00f6nnten. Es wurden aber schon vor einigen Wochen Stimmen aus beiden Landesteilen gegen die Union laut.<\/p>\n<p>Zum Tode Alexanders \u00e4u\u00dferte sich Alexanders Bruder Raphael:<br \/>\n<em>Alexander III. war ein gro\u00dfartiger Staatsmann, der gro\u00dfe vision\u00e4re Pl\u00e4ne f\u00fcr M\u00fcnzberg hatte. Das Schicksal lie\u00df ihm nicht zu, diese umzusetzen.<br \/>\n<\/em><br \/>\nEr ordnete eine dreit\u00e4gige Staatstrauer an<\/p>\n","protected":false},"excerpt":{"rendered":"<p>Unterj\u00f6hlheim Gro\u00dff\u00fcrst Alexander ist tot Wie bekannt wurde ist der Gro\u00dff\u00fcrst heute in den fr\u00fchen Morgenstunden in einer Klinik in Unterj\u00f6hlheim aus bislang noch nicht genau gekl\u00e4rten Gr\u00fcnden verstorben. Alexander war erst vor wenigen Monaten gemeinsam mit seiner Frau Dzintra aus Priedgallen zum Gro\u00dff\u00fcrsten der Union Priedgallen &#8211; M\u00fcnzberg erhoben worden. Was der Verlust f\u00fcr [&hellip;]<\/p>\n","protected":false},"author":197,"featured_media":0,"comment_status":"open","ping_status":"closed","sticky":false,"template":"","format":"standard","meta":{"_crdt_document":"","footnotes":""},"categories":[86],"tags":[],"class_list":["post-910","post","type-post","status-publish","format-standard","hentry","category-untergegangen"],"_links":{"self":[{"href":"https:\/\/www.mn-nachrichten.de\/index.php?rest_route=\/wp\/v2\/posts\/910","targetHints":{"allow":["GET"]}}],"collection":[{"href":"https:\/\/www.mn-nachrichten.de\/index.php?rest_route=\/wp\/v2\/posts"}],"about":[{"href":"https:\/\/www.mn-nachrichten.de\/index.php?rest_route=\/wp\/v2\/types\/post"}],"author":[{"embeddable":true,"href":"https:\/\/www.mn-nachrichten.de\/index.php?rest_route=\/wp\/v2\/users\/197"}],"replies":[{"embeddable":true,"href":"https:\/\/www.mn-nachrichten.de\/index.php?rest_route=%2Fwp%2Fv2%2Fcomments&post=910"}],"version-history":[{"count":0,"href":"https:\/\/www.mn-nachrichten.de\/index.php?rest_route=\/wp\/v2\/posts\/910\/revisions"}],"wp:attachment":[{"href":"https:\/\/www.mn-nachrichten.de\/index.php?rest_route=%2Fwp%2Fv2%2Fmedia&parent=910"}],"wp:term":[{"taxonomy":"category","embeddable":true,"href":"https:\/\/www.mn-nachrichten.de\/index.php?rest_route=%2Fwp%2Fv2%2Fcategories&post=910"},{"taxonomy":"post_tag","embeddable":true,"href":"https:\/\/www.mn-nachrichten.de\/index.php?rest_route=%2Fwp%2Fv2%2Ftags&post=910"}],"curies":[{"name":"wp","href":"https:\/\/api.w.org\/{rel}","templated":true}]}}