{"id":908,"date":"2008-06-09T14:44:26","date_gmt":"2008-06-09T12:44:26","guid":{"rendered":"http:\/\/www.mn-nachrichten.de\/?p=908"},"modified":"2008-06-09T14:44:26","modified_gmt":"2008-06-09T12:44:26","slug":"union-sylfaen-umweltschutzer-grunden-partei","status":"publish","type":"post","link":"https:\/\/www.mn-nachrichten.de\/?p=908","title":{"rendered":"[Union Sylfaen] Umweltsch\u00fctzer gr\u00fcnden Partei"},"content":{"rendered":"<p>Sylfaen City: &#8222;Jetzt wirds Gr\u00fcn!&#8220; mit diesen Worten gab Julius D. Satra, welcher seit kurzem im Besitz der sylfanischen Staatsb\u00fcrgerschaft ist, die Gr\u00fcndung einer Gr\u00fcnen Partei bekannt. Ein demendsprechender Antrag liege den Innenministerium bzw. dem Unionskanzleramt schon vor. Auch hat die politische Vereinigung schon eine Parteizentrale in der Meiwarer Innenstadt bezogen. Sicher ist dennoch eins, das es die Gr\u00fcnen nicht leicht haben werden. Schon mit bekannt werden des Namens mit dem die Partei von sich reden macht ist manchen B\u00fcrgern suspekt. Die neue Partei soll den Namen: &#8222;Gr\u00fcne Union (GU)&#8220; tragen welches eine nachezu 1:1 \u00fcbernahme der ehemaligen Gr\u00fcnen Partei der GUS (Gr\u00fcne Union Sylfaen) ist. Letztere machte vorallem durch den ersten aufgel\u00f6sten Nationalkonvent von sich reden, bis der gesamte Vorstand dem Land den R\u00fccken kehrten oder sich seit dem nicht mehr politisch angagieren. Ob die GU \u00fcberhaupt als Partei zugelassen wird, h\u00e4ngt derzeit noch von den Forschriften des Parteiengesetz ab. Ein noch langer Weg scheint sich anzubahnen ehe die GU als Partei agieren kann.<\/p>\n<p>Insgesamt werden der Partei der Umweltsch\u00fctzer, wie sich das Gr\u00fcndungsmitglied Satra bezeichnet, hohe chance angerechnet bei den n\u00e4chsten Nationalkonventswahlen in das Parlament einzuziehen. Viele B\u00fcrger reagieren aber auch mit Speksis und fragen offen ob Umweltschutz mit dem momentanen wirtschaflichen Aufschwung in der Union, in gro\u00dfen Ma\u00dfe, angebracht ist. Den wie Innenminister und Altkanzler Tim Schmidt (DSP) zu verlauten lies: Habe Umweltschutz in der Tagespolitik nichts zu suchen und die Gr\u00fcne Union wohl oder \u00fcbel Unionspolitisch keine Zukunft. <\/p>\n<p>Die Umweltsch\u00fctzerpartei findet sich momentan noch in der Gr\u00fcndung und tagt nach Informationen der ALPHA im Freibergischen Sodringen, einem kleinen Vorort vor Caltenberg.<\/p>\n","protected":false},"excerpt":{"rendered":"<p>Sylfaen City: &#8222;Jetzt wirds Gr\u00fcn!&#8220; mit diesen Worten gab Julius D. Satra, welcher seit kurzem im Besitz der sylfanischen Staatsb\u00fcrgerschaft ist, die Gr\u00fcndung einer Gr\u00fcnen Partei bekannt. Ein demendsprechender Antrag liege den Innenministerium bzw. dem Unionskanzleramt schon vor. Auch hat die politische Vereinigung schon eine Parteizentrale in der Meiwarer Innenstadt bezogen. Sicher ist dennoch eins, [&hellip;]<\/p>\n","protected":false},"author":110,"featured_media":0,"comment_status":"open","ping_status":"closed","sticky":false,"template":"","format":"standard","meta":{"_crdt_document":"","footnotes":""},"categories":[86],"tags":[],"class_list":["post-908","post","type-post","status-publish","format-standard","hentry","category-untergegangen"],"_links":{"self":[{"href":"https:\/\/www.mn-nachrichten.de\/index.php?rest_route=\/wp\/v2\/posts\/908","targetHints":{"allow":["GET"]}}],"collection":[{"href":"https:\/\/www.mn-nachrichten.de\/index.php?rest_route=\/wp\/v2\/posts"}],"about":[{"href":"https:\/\/www.mn-nachrichten.de\/index.php?rest_route=\/wp\/v2\/types\/post"}],"author":[{"embeddable":true,"href":"https:\/\/www.mn-nachrichten.de\/index.php?rest_route=\/wp\/v2\/users\/110"}],"replies":[{"embeddable":true,"href":"https:\/\/www.mn-nachrichten.de\/index.php?rest_route=%2Fwp%2Fv2%2Fcomments&post=908"}],"version-history":[{"count":0,"href":"https:\/\/www.mn-nachrichten.de\/index.php?rest_route=\/wp\/v2\/posts\/908\/revisions"}],"wp:attachment":[{"href":"https:\/\/www.mn-nachrichten.de\/index.php?rest_route=%2Fwp%2Fv2%2Fmedia&parent=908"}],"wp:term":[{"taxonomy":"category","embeddable":true,"href":"https:\/\/www.mn-nachrichten.de\/index.php?rest_route=%2Fwp%2Fv2%2Fcategories&post=908"},{"taxonomy":"post_tag","embeddable":true,"href":"https:\/\/www.mn-nachrichten.de\/index.php?rest_route=%2Fwp%2Fv2%2Ftags&post=908"}],"curies":[{"name":"wp","href":"https:\/\/api.w.org\/{rel}","templated":true}]}}