{"id":8443,"date":"2020-05-24T19:42:31","date_gmt":"2020-05-24T17:42:31","guid":{"rendered":"https:\/\/www.mn-nachrichten.de\/?p=8443"},"modified":"2020-05-24T19:42:31","modified_gmt":"2020-05-24T17:42:31","slug":"der-streit-um-die-hauptstadtfrage-gefuehrt-mit-worten-und-faeusten","status":"publish","type":"post","link":"https:\/\/www.mn-nachrichten.de\/?p=8443","title":{"rendered":"Der Streit um die Hauptstadtfrage &#8211; gef\u00fchrt mit Worten und F\u00e4usten"},"content":{"rendered":"\n<p class=\"wp-block-paragraph\"><a href=\"http:\/\/gran-novara.de\/lexicon\/index.php?entry\/33-mediana\/\">Mediana<\/a>\/<a href=\"http:\/\/gran-novara.de\/lexicon\/index.php?entry\/11-flora\/\">Flora<\/a>. Die Hauptstadtfrage stellt das K\u00f6nigreich Gran Novara vor seine erste hitzige Diskussion. Im Kronrat bringen insbesondere der celanische F\u00fcrst Facino Maria Visconti Argumente f\u00fcr den Status Medianas als novarische Hauptstadt ein. <a href=\"http:\/\/gran-novara.de\/lexicon\/index.php?entry\/33-mediana\/\">Mediana<\/a>, antike Hauptstadt des Medianischen Imperiums, das weite Teile Anticas beherrschafte, und seit 2012 Hauptstadt des neuen Medianischen Imperiums war, ist eine floriende Metropole. Kulturell ein leuchtendes Beispiel novarischer Gr\u00f6\u00dfe, wirtschaftlich ein Motor des Imperiums und k\u00fcnftig des K\u00f6nigreiches.<\/p>\n\n\n\n<p class=\"wp-block-paragraph\">Die Einwohnerzahl Medianas ist in den letzten zehn Jahren um mehrere hunderttausende Einwohner gestiegen. Der steile Aufstieg Medianas nahm seinen Anfang mit den Olmypischen Spielen im Jahre 2008 und ist seither ungebremst. Neue Stadtteile sind entstanden, viele Firmen haben sich neu angesiedelt oder haben sich vergr\u00f6\u00dfert, zehntausende Arbeitspl\u00e4tze sind in den letzten Jahren entstanden. 2012 wird die Metropole Hauptstadt des neuen Medianischen Imperiums, Ministerien siedeln sich an, neue B\u00fcrger ziehen hinzu und weitere Arbeitspl\u00e4tze entstehen. Insbesondere ausl\u00e4ndische Firmen investierten in den letzten zw\u00f6lf Jahren enorme Summen in <a href=\"http:\/\/gran-novara.de\/lexicon\/index.php?entry\/33-mediana\/\">Mediana<\/a>, besonders seitdem <a href=\"http:\/\/gran-novara.de\/lexicon\/index.php?entry\/33-mediana\/\">Mediana<\/a> Hauptstadt des riesigen Imperiums wurde.<\/p>\n\n\n\n<p class=\"wp-block-paragraph\"><a href=\"http:\/\/gran-novara.de\/lexicon\/index.php?entry\/168-san-vincenzo\/\">San Vincenzo<\/a> hingegen hat in den letzten acht Jahren eine weniger r\u00fchmliche Vergangenheit erleben m\u00fcssen. Durch den Verlust des Status als Hauptstadt nach den Wirren 2012 und der Abwanderung der Ministerien nach <a href=\"http:\/\/gran-novara.de\/lexicon\/index.php?entry\/33-mediana\/\">Mediana<\/a>, verlie\u00dfen viele Menschen die Stadt. Mehr als 10% der Bev\u00f6lkerung seit 2012, wie es der sersalische F\u00fcrst Ravioli heute noch im Kronrat vorbrachte. Dieser bringt voller Leidenschaft Argumente f\u00fcr <a href=\"http:\/\/gran-novara.de\/lexicon\/index.php?entry\/168-san-vincenzo\/\">San Vincenzo<\/a> im Kronrat vor, denen selbst der celanische F\u00fcrst zum Teil zustimmt. Dieser brachte zuletzt den Vorschlag in die Diskussion ein, dass <a href=\"http:\/\/gran-novara.de\/lexicon\/index.php?entry\/168-san-vincenzo\/\">San Vincenzo<\/a> den Status als Hauptstadt bekommt, <a href=\"http:\/\/gran-novara.de\/lexicon\/index.php?entry\/33-mediana\/\">Mediana<\/a> aber einige Ministerien erh\u00e4lt. Ebenso kam es zum Vorschlag des celanischen F\u00fcrsten den Regierungssitz in den hei\u00dfen Sommermonaten nach <a href=\"http:\/\/gran-novara.de\/lexicon\/index.php?entry\/33-mediana\/\">Mediana<\/a> zu verlegen und im Winter in den w\u00e4rmeren Gefilden San Vincenzos zu belassen.<\/p>\n\n\n\n<p class=\"wp-block-paragraph\">Auch im Volksrat zu <a href=\"http:\/\/gran-novara.de\/lexicon\/index.php?entry\/11-flora\/\">Flora<\/a> wurde die Diskussion um die Hauptstadtfrage gef\u00fchrt. Die Kommunisten um de Rossi und Ancilotto sprachen sich in der eingangs sachlich gef\u00fchrten Diskussion f\u00fcr die R\u00fcckkehr nach <a href=\"http:\/\/gran-novara.de\/lexicon\/index.php?entry\/168-san-vincenzo\/\">San Vincenzo<\/a> aus, Ignazio Ruffo vom <a href=\"http:\/\/gran-novara.de\/lexicon\/index.php?entry\/39-risorgimento\/\">Risorgimento<\/a> argumentierte insbesondere der hohen Kosten wegen f\u00fcr den Verbleib des Status als Hauptstadt in <a href=\"http:\/\/gran-novara.de\/lexicon\/index.php?entry\/33-mediana\/\">Mediana<\/a>. Nachdem dieser jedoch den Kommunisten den Vorwurf machte, nicht sachlich diskutieren zu k\u00f6nnen und vorschlug es auf die &#8222;novarische Art&#8220; zu l\u00f6sen, st\u00fcrmte de Rossi auf Ruffo zu und der Volksrat versank in einer wilden Pr\u00fcgelei, die f\u00fcr Ruffo mit einem KO endete.<\/p>\n","protected":false},"excerpt":{"rendered":"<p>Mediana\/Flora. Die Hauptstadtfrage stellt das K\u00f6nigreich Gran Novara vor seine erste hitzige Diskussion. Im Kronrat bringen insbesondere der celanische F\u00fcrst Facino Maria Visconti Argumente f\u00fcr den Status Medianas als novarische Hauptstadt ein. Mediana, antike Hauptstadt des Medianischen Imperiums, das weite Teile Anticas beherrschafte, und seit 2012 Hauptstadt des neuen Medianischen Imperiums war, ist eine floriende [&hellip;]<\/p>\n","protected":false},"author":15404,"featured_media":8444,"comment_status":"closed","ping_status":"closed","sticky":false,"template":"","format":"standard","meta":{"_crdt_document":"","footnotes":""},"categories":[89,604],"tags":[806,654,804,799,808,805,807,444],"class_list":["post-8443","post","type-post","status-publish","format-standard","has-post-thumbnail","hentry","category-gran-novara","category-medianisches-imperium","tag-de-rossi","tag-gran-novara","tag-kronrat","tag-mediana","tag-ravioli","tag-ruffo","tag-visconti","tag-volksrat"],"_links":{"self":[{"href":"https:\/\/www.mn-nachrichten.de\/index.php?rest_route=\/wp\/v2\/posts\/8443","targetHints":{"allow":["GET"]}}],"collection":[{"href":"https:\/\/www.mn-nachrichten.de\/index.php?rest_route=\/wp\/v2\/posts"}],"about":[{"href":"https:\/\/www.mn-nachrichten.de\/index.php?rest_route=\/wp\/v2\/types\/post"}],"author":[{"embeddable":true,"href":"https:\/\/www.mn-nachrichten.de\/index.php?rest_route=\/wp\/v2\/users\/15404"}],"replies":[{"embeddable":true,"href":"https:\/\/www.mn-nachrichten.de\/index.php?rest_route=%2Fwp%2Fv2%2Fcomments&post=8443"}],"version-history":[{"count":1,"href":"https:\/\/www.mn-nachrichten.de\/index.php?rest_route=\/wp\/v2\/posts\/8443\/revisions"}],"predecessor-version":[{"id":8445,"href":"https:\/\/www.mn-nachrichten.de\/index.php?rest_route=\/wp\/v2\/posts\/8443\/revisions\/8445"}],"wp:featuredmedia":[{"embeddable":true,"href":"https:\/\/www.mn-nachrichten.de\/index.php?rest_route=\/wp\/v2\/media\/8444"}],"wp:attachment":[{"href":"https:\/\/www.mn-nachrichten.de\/index.php?rest_route=%2Fwp%2Fv2%2Fmedia&parent=8443"}],"wp:term":[{"taxonomy":"category","embeddable":true,"href":"https:\/\/www.mn-nachrichten.de\/index.php?rest_route=%2Fwp%2Fv2%2Fcategories&post=8443"},{"taxonomy":"post_tag","embeddable":true,"href":"https:\/\/www.mn-nachrichten.de\/index.php?rest_route=%2Fwp%2Fv2%2Ftags&post=8443"}],"curies":[{"name":"wp","href":"https:\/\/api.w.org\/{rel}","templated":true}]}}