{"id":844,"date":"2008-05-02T12:39:45","date_gmt":"2008-05-02T10:39:45","guid":{"rendered":"http:\/\/www.mn-nachrichten.de\/?p=844"},"modified":"2025-03-21T01:23:35","modified_gmt":"2025-03-21T00:23:35","slug":"cuello-paolo-el-loco-kehrt-zuruck","status":"publish","type":"post","link":"https:\/\/www.mn-nachrichten.de\/?p=844","title":{"rendered":"[Cuello] Paolo el Loco kehrt zur\u00fcck"},"content":{"rendered":"<p><strong>Zanbarto, Torra, Urbe Igual<\/strong> <\/p>\n<p>Nachdem der ehemalige El Presidente und Stammesf\u00fchrer Paolo el Loco nach dem letzten Krieg gegen Astor als verschollen galt, trat er erstmals mit einer ihm getreuen Miliz in der Stadt Zanbarto auf. In mehreren Reden im stammeseigenen Sender der Loco Alindar k\u00fcndigt Paolo el Loco einen Marsch nach Torra an, um die Stadt in den zerspaltenen Stamm neu zu integrieren. Inzwischen haben sich seiner Macht die St\u00e4dte Zanbarto, Inque, Aguan und Olmeza am R\u00edo Fronto, sowie die Grenzstadt Ilba, die den wichtigsten Grenzposten im Norden Cuellos unterh\u00e4lt, angeschlossen. Es wird vermutet, dass die Zahl der alindischen Milizen \u00fcber mehrere Tausend geht. Die Truppen stehen gut ger\u00fcstet nunmehr vor der Millionenstadt San Eleria, die nur wenige Meilen von Torra entfernt ist. <\/p>\n<p>Torra gilt mit \u00fcber 6 Mio. Einwohnern als zweitgr\u00f6\u00dfte Stadt in Cuello. Die B\u00fcrgermeisterin Juanita Graciela de Tejada hat bereits in einer feurigen Rede an die \u00d6ffentlichkeit gezeigt, dass sie zum Verschwinden und dem danach waffengewaltigen Auftauchen von Paolo el Loco nur wenig Verbundenheit zum einstigen Zusammenhalt zwischen den Loco Alindar sieht. Unter Ausz\u00fcgen aus der Gottesschrift, der Bibel, erging eine Klageschrift an das Corte del Estado von der Stadt Torra gegen Paolo el Loco. <\/p>\n<p>W\u00e4hrend die Sch\u00f6ffen f\u00fcr das Verfahren zusammengerufen werden, sollen sowohl der Richter und derzeit oberster Staatsherr der Loco Alindar, Tinos Fuentes, sowie Paolo el Loco zu einem Gespr\u00e4ch zusammengekommen sein. Ein Glaubensstreit scheint in den folgenden Stunden das kleinste \u00dcbel zu werden, wenngleich durch die verschiedenen Religionen der St\u00e4mme eine m\u00f6gliche Teilnahme des Santa Ecclesia Catholica et Apostolica im Gerichtsfall nicht ausgeschlossen wird. <\/p>\n","protected":false},"excerpt":{"rendered":"<p>Zanbarto, Torra, Urbe Igual Nachdem der ehemalige El Presidente und Stammesf\u00fchrer Paolo el Loco nach dem letzten Krieg gegen Astor als verschollen galt, trat er erstmals mit einer ihm getreuen Miliz in der Stadt Zanbarto auf. In mehreren Reden im stammeseigenen Sender der Loco Alindar k\u00fcndigt Paolo el Loco einen Marsch nach Torra an, um [&hellip;]<\/p>\n","protected":false},"author":33,"featured_media":0,"comment_status":"open","ping_status":"closed","sticky":false,"template":"","format":"standard","meta":{"_crdt_document":"","footnotes":""},"categories":[993],"tags":[],"class_list":["post-844","post","type-post","status-publish","format-standard","hentry","category-vormals_cuello"],"_links":{"self":[{"href":"https:\/\/www.mn-nachrichten.de\/index.php?rest_route=\/wp\/v2\/posts\/844","targetHints":{"allow":["GET"]}}],"collection":[{"href":"https:\/\/www.mn-nachrichten.de\/index.php?rest_route=\/wp\/v2\/posts"}],"about":[{"href":"https:\/\/www.mn-nachrichten.de\/index.php?rest_route=\/wp\/v2\/types\/post"}],"author":[{"embeddable":true,"href":"https:\/\/www.mn-nachrichten.de\/index.php?rest_route=\/wp\/v2\/users\/33"}],"replies":[{"embeddable":true,"href":"https:\/\/www.mn-nachrichten.de\/index.php?rest_route=%2Fwp%2Fv2%2Fcomments&post=844"}],"version-history":[{"count":1,"href":"https:\/\/www.mn-nachrichten.de\/index.php?rest_route=\/wp\/v2\/posts\/844\/revisions"}],"predecessor-version":[{"id":10470,"href":"https:\/\/www.mn-nachrichten.de\/index.php?rest_route=\/wp\/v2\/posts\/844\/revisions\/10470"}],"wp:attachment":[{"href":"https:\/\/www.mn-nachrichten.de\/index.php?rest_route=%2Fwp%2Fv2%2Fmedia&parent=844"}],"wp:term":[{"taxonomy":"category","embeddable":true,"href":"https:\/\/www.mn-nachrichten.de\/index.php?rest_route=%2Fwp%2Fv2%2Fcategories&post=844"},{"taxonomy":"post_tag","embeddable":true,"href":"https:\/\/www.mn-nachrichten.de\/index.php?rest_route=%2Fwp%2Fv2%2Ftags&post=844"}],"curies":[{"name":"wp","href":"https:\/\/api.w.org\/{rel}","templated":true}]}}