{"id":842,"date":"2008-04-29T22:31:36","date_gmt":"2008-04-29T20:31:36","guid":{"rendered":"http:\/\/www.mn-nachrichten.de\/?p=842"},"modified":"2008-04-29T22:31:36","modified_gmt":"2008-04-29T20:31:36","slug":"tolanica-regierung-nimmt-arbeit-auf","status":"publish","type":"post","link":"https:\/\/www.mn-nachrichten.de\/?p=842","title":{"rendered":"[Tolanica] Regierung nimmt Arbeit auf"},"content":{"rendered":"<p>Mit der Ernennung der Minister hat die neue Regierung der Rep\u00fablica Tolanica am heutigen Tag ihre Arbeit aufgenommen. Die Ernennungen fanden im Rahmen eines kleinen Festaktes im Casa Rosada, dem Amtssitz des Pr\u00e4sidenten statt. Neben der Presse waren auch Vertreter aus Politik und Wirtschaft anwesend, um den mit Spannung erwarteten Feierlichkeiten beizuwohnen. Bis zuletzt wurden um die Personalien des Au\u00dfenministers und dem Kandidaten f\u00fcr das Amt des Innenministers Spekulationen angestellt. Inzwischen herrscht dar\u00fcber Klarheit. Das Amt des Au\u00dfenminister wird zuk\u00fcnftig durch den Teniente General Luiz Queseda Puga ausge\u00fcbt. Zum Innenminister wurde der ehemalige oberste Richter Francisco Serrano Castelar ernannt. Das Amt des Wirtschafts- und Finanzministers ging an Salvador San Mart\u00edn. Zum Verteidigungsminister wurde Juan Costa Nu\u00f1es, ein weiterer Angeh\u00f6riger der Fuerzas Armadas, berufen der dieses Amt bereits unter der Regierung von Ex Pr\u00e4sident Degas innehatte. Er wird ebenfalls das Amt des Vice Presidente aus\u00fcben.<\/p>\n<p>Damit ist die Regierung um Presidente Bor\u00e1ssa handlungsf\u00e4hig. Da sich die beiden Koalitionspartner der letzten Regierungszeit, die PLP und die PSO zerstritten haben, kann die FPN mit guten Chancen rechnen das Land trotz einer Minderheit im Consejo Nacional zu regieren.<\/p>\n","protected":false},"excerpt":{"rendered":"<p>Mit der Ernennung der Minister hat die neue Regierung der Rep\u00fablica Tolanica am heutigen Tag ihre Arbeit aufgenommen. Die Ernennungen fanden im Rahmen eines kleinen Festaktes im Casa Rosada, dem Amtssitz des Pr\u00e4sidenten statt. Neben der Presse waren auch Vertreter aus Politik und Wirtschaft anwesend, um den mit Spannung erwarteten Feierlichkeiten beizuwohnen. Bis zuletzt wurden [&hellip;]<\/p>\n","protected":false},"author":173,"featured_media":0,"comment_status":"open","ping_status":"closed","sticky":false,"template":"","format":"standard","meta":{"_crdt_document":"","footnotes":""},"categories":[86],"tags":[],"class_list":["post-842","post","type-post","status-publish","format-standard","hentry","category-untergegangen"],"_links":{"self":[{"href":"https:\/\/www.mn-nachrichten.de\/index.php?rest_route=\/wp\/v2\/posts\/842","targetHints":{"allow":["GET"]}}],"collection":[{"href":"https:\/\/www.mn-nachrichten.de\/index.php?rest_route=\/wp\/v2\/posts"}],"about":[{"href":"https:\/\/www.mn-nachrichten.de\/index.php?rest_route=\/wp\/v2\/types\/post"}],"author":[{"embeddable":true,"href":"https:\/\/www.mn-nachrichten.de\/index.php?rest_route=\/wp\/v2\/users\/173"}],"replies":[{"embeddable":true,"href":"https:\/\/www.mn-nachrichten.de\/index.php?rest_route=%2Fwp%2Fv2%2Fcomments&post=842"}],"version-history":[{"count":0,"href":"https:\/\/www.mn-nachrichten.de\/index.php?rest_route=\/wp\/v2\/posts\/842\/revisions"}],"wp:attachment":[{"href":"https:\/\/www.mn-nachrichten.de\/index.php?rest_route=%2Fwp%2Fv2%2Fmedia&parent=842"}],"wp:term":[{"taxonomy":"category","embeddable":true,"href":"https:\/\/www.mn-nachrichten.de\/index.php?rest_route=%2Fwp%2Fv2%2Fcategories&post=842"},{"taxonomy":"post_tag","embeddable":true,"href":"https:\/\/www.mn-nachrichten.de\/index.php?rest_route=%2Fwp%2Fv2%2Ftags&post=842"}],"curies":[{"name":"wp","href":"https:\/\/api.w.org\/{rel}","templated":true}]}}