{"id":838,"date":"2008-04-26T00:11:26","date_gmt":"2008-04-25T22:11:26","guid":{"rendered":"http:\/\/www.mn-nachrichten.de\/?p=838"},"modified":"2008-04-26T00:11:50","modified_gmt":"2008-04-25T22:11:50","slug":"kirchenstaat-kardinale-treffen-ein","status":"publish","type":"post","link":"https:\/\/www.mn-nachrichten.de\/?p=838","title":{"rendered":"Kirchenstaat: Kardin\u00e4le treffen ein"},"content":{"rendered":"<p>Am Morgen des 23.04.2008 trat der Kardinalk\u00e4mmerer von Wiesenau vor die versammelte Presse un erkl\u00e4rte: &#8222;Br\u00fcder und Schwestern,<br \/>\nvor wenigen Minuten verstarb der Heilige Vater und kehrte ins Haus des Vaters zur\u00fcck. Es ist nun meine meine Pflicht zu verk\u00fcnden, dass der Stuhl Petri unbesetzt ist. Gott selbst hat seine Heiligkeit zu sich gerufen und den Kardin\u00e4len unserer Kirche den Auftrag gegeben, in seinem Namen und mit seinem Segen einen w\u00fcrdigen Nachfolger des Petrus zu w\u00e4hlen. Zuvor bleibt uns noch Zeit zur Trauer, um einen gro\u00dfen Mann Gottes, der gro\u00dfes f\u00fcr die Kirche Christi vollbracht hat. Daran wollen wir uns erinnern, das wollen wir in den kommenden 15 Tagen w\u00fcrdigen. M\u00f6ge Gott Sie alle sch\u00fctzen und allzeit mit Ihnen sein.&#8220; Ebenso wurden die wahlberechtigten Kardin\u00e4le in den Kirchenstaat gerufen, denn bald schon wird die Wahl zum neuen Oberhaupt der katholischen Kirche stattfinden. Derzeit sind 9 Kardin\u00e4le wahlberechtigt:<br \/>\nJohannes Anasthasius Kardinal Hartung (Turanien)<br \/>\nGuido Kardinal Braun (Dreib\u00fcrgen)<br \/>\nJoseph Kardinal Graf von Wiesenau (Dreib\u00fcrgen)<br \/>\nYasser Kardinal Omar (Futuna)<br \/>\nFranz Kardinal von Papen (Bergen)<br \/>\nGeorgio Kardinal Damani (Vanezia)<br \/>\nJosef Kardinal Amorth (Bergen)<br \/>\nFranz-Josef Kardinal Becker (Cordanien)<br \/>\nCarlo Campaneti (Vittorina)<br \/>\nDem alten Weggef\u00e4hrten Urban IX., Kardinal Hartung, dem Kardinalk\u00e4mmerer von Wiesenau sowie dem liberaleren Kardinal Amorth werden dabei die meisten Chancen zugerechnet.<\/p>\n","protected":false},"excerpt":{"rendered":"<p>Am Morgen des 23.04.2008 trat der Kardinalk\u00e4mmerer von Wiesenau vor die versammelte Presse un erkl\u00e4rte: &#8222;Br\u00fcder und Schwestern, vor wenigen Minuten verstarb der Heilige Vater und kehrte ins Haus des Vaters zur\u00fcck. Es ist nun meine meine Pflicht zu verk\u00fcnden, dass der Stuhl Petri unbesetzt ist. Gott selbst hat seine Heiligkeit zu sich gerufen und [&hellip;]<\/p>\n","protected":false},"author":184,"featured_media":0,"comment_status":"open","ping_status":"closed","sticky":false,"template":"","format":"standard","meta":{"_crdt_document":"","footnotes":""},"categories":[86],"tags":[],"class_list":["post-838","post","type-post","status-publish","format-standard","hentry","category-untergegangen"],"_links":{"self":[{"href":"https:\/\/www.mn-nachrichten.de\/index.php?rest_route=\/wp\/v2\/posts\/838","targetHints":{"allow":["GET"]}}],"collection":[{"href":"https:\/\/www.mn-nachrichten.de\/index.php?rest_route=\/wp\/v2\/posts"}],"about":[{"href":"https:\/\/www.mn-nachrichten.de\/index.php?rest_route=\/wp\/v2\/types\/post"}],"author":[{"embeddable":true,"href":"https:\/\/www.mn-nachrichten.de\/index.php?rest_route=\/wp\/v2\/users\/184"}],"replies":[{"embeddable":true,"href":"https:\/\/www.mn-nachrichten.de\/index.php?rest_route=%2Fwp%2Fv2%2Fcomments&post=838"}],"version-history":[{"count":0,"href":"https:\/\/www.mn-nachrichten.de\/index.php?rest_route=\/wp\/v2\/posts\/838\/revisions"}],"wp:attachment":[{"href":"https:\/\/www.mn-nachrichten.de\/index.php?rest_route=%2Fwp%2Fv2%2Fmedia&parent=838"}],"wp:term":[{"taxonomy":"category","embeddable":true,"href":"https:\/\/www.mn-nachrichten.de\/index.php?rest_route=%2Fwp%2Fv2%2Fcategories&post=838"},{"taxonomy":"post_tag","embeddable":true,"href":"https:\/\/www.mn-nachrichten.de\/index.php?rest_route=%2Fwp%2Fv2%2Ftags&post=838"}],"curies":[{"name":"wp","href":"https:\/\/api.w.org\/{rel}","templated":true}]}}