{"id":836,"date":"2008-04-25T12:17:20","date_gmt":"2008-04-25T10:17:20","guid":{"rendered":"http:\/\/www.mn-nachrichten.de\/?p=836"},"modified":"2008-04-25T12:17:20","modified_gmt":"2008-04-25T10:17:20","slug":"preise-fur-altus-steigen","status":"publish","type":"post","link":"https:\/\/www.mn-nachrichten.de\/?p=836","title":{"rendered":"Preise f\u00fcr Altus steigen"},"content":{"rendered":"<p>[Balakonien]<br \/>\nWie die gro\u00dfen Brauereien in Balakonien bekanntgegeben haben werden die Preise f\u00fcr Altus zum Monatsende angehoben.<\/p>\n<p>So soll sich dann eine Flasche\u00a0 Durchschnittlich um 0,20 Ph\u00f6nix verteuern, ein Kasten mit 20 Flaschen wird dann um 4 Ph\u00f6nix teurer.<\/p>\n<p>Begr\u00fcndet werden die Preisanhebungen mit den gestiegenen Rohstoffpreisen auf den Weltm\u00e4rkten.<\/p>\n<p>Ob sich diese Preisanhebungen auf den Absatz von Altus Auswirkungen haben wird bleibt abzuwarten.<\/p>\n<p>Dies ist die erste Preissteigerung f\u00fcr Altus seit \u00fcber 2 Jahren.<\/p>\n","protected":false},"excerpt":{"rendered":"<p>[Balakonien] Wie die gro\u00dfen Brauereien in Balakonien bekanntgegeben haben werden die Preise f\u00fcr Altus zum Monatsende angehoben. So soll sich dann eine Flasche\u00a0 Durchschnittlich um 0,20 Ph\u00f6nix verteuern, ein Kasten mit 20 Flaschen wird dann um 4 Ph\u00f6nix teurer. Begr\u00fcndet werden die Preisanhebungen mit den gestiegenen Rohstoffpreisen auf den Weltm\u00e4rkten. Ob sich diese Preisanhebungen auf [&hellip;]<\/p>\n","protected":false},"author":22,"featured_media":0,"comment_status":"open","ping_status":"closed","sticky":false,"template":"","format":"standard","meta":{"_crdt_document":"","footnotes":""},"categories":[3],"tags":[],"class_list":["post-836","post","type-post","status-publish","format-standard","hentry","category-wirtschaft"],"_links":{"self":[{"href":"https:\/\/www.mn-nachrichten.de\/index.php?rest_route=\/wp\/v2\/posts\/836","targetHints":{"allow":["GET"]}}],"collection":[{"href":"https:\/\/www.mn-nachrichten.de\/index.php?rest_route=\/wp\/v2\/posts"}],"about":[{"href":"https:\/\/www.mn-nachrichten.de\/index.php?rest_route=\/wp\/v2\/types\/post"}],"author":[{"embeddable":true,"href":"https:\/\/www.mn-nachrichten.de\/index.php?rest_route=\/wp\/v2\/users\/22"}],"replies":[{"embeddable":true,"href":"https:\/\/www.mn-nachrichten.de\/index.php?rest_route=%2Fwp%2Fv2%2Fcomments&post=836"}],"version-history":[{"count":0,"href":"https:\/\/www.mn-nachrichten.de\/index.php?rest_route=\/wp\/v2\/posts\/836\/revisions"}],"wp:attachment":[{"href":"https:\/\/www.mn-nachrichten.de\/index.php?rest_route=%2Fwp%2Fv2%2Fmedia&parent=836"}],"wp:term":[{"taxonomy":"category","embeddable":true,"href":"https:\/\/www.mn-nachrichten.de\/index.php?rest_route=%2Fwp%2Fv2%2Fcategories&post=836"},{"taxonomy":"post_tag","embeddable":true,"href":"https:\/\/www.mn-nachrichten.de\/index.php?rest_route=%2Fwp%2Fv2%2Ftags&post=836"}],"curies":[{"name":"wp","href":"https:\/\/api.w.org\/{rel}","templated":true}]}}