{"id":823,"date":"2008-04-21T17:55:51","date_gmt":"2008-04-21T15:55:51","guid":{"rendered":"http:\/\/www.mn-nachrichten.de\/?p=823"},"modified":"2008-04-21T17:55:51","modified_gmt":"2008-04-21T15:55:51","slug":"ljdumila-serkuwa-startet-tour","status":"publish","type":"post","link":"https:\/\/www.mn-nachrichten.de\/?p=823","title":{"rendered":"Ljdumila Serkuwa startet Tour"},"content":{"rendered":"<p>Auf dem gesamten Nordkontinent wird in den kommenden Wochen das Alltagsleben je einen Tag nicht mehr m\u00f6glich sein.<br \/>\nDie androsische K\u00fcnstlerin und S\u00e4ngerin Ljudmila Serkuwa zieht mit ihrem neusten B\u00fchnenprogramm namens &#8222;DANZING&#8220; durch neun L\u00e4nder.<br \/>\nIn DANZING zeigt Ljudmila Serkuwa die Lebensfreude ihrer Heimat Korgowska, preist den Wodka aus Andro und beschreibt die Freude beim Tanz und Musik.<br \/>\nEs erwarten Sie eine Reihe fr\u00f6hlicher Lieder, zum mitsingen und -tanzen. Ohrw\u00fcrmer vorprogrammiert!<\/p>\n<p>Tourdaten:<br \/>\n25.04. &#8211; Nivelles (Verdon)<br \/>\n27.04. &#8211; Tehuri (Tehuri)<br \/>\n29.04. &#8211; Frankenthal (Ratharia)<br \/>\n03.05. &#8211; Vengard (HRR)<br \/>\n06.05. &#8211; Reichstal (Dreib\u00fcrgen)<br \/>\n12.05. &#8211; Timor (Futuna)<br \/>\n14.05. &#8211; Santiago de Darusia (Darusien)<br \/>\n15.05. &#8211; Bergen (Bergen)<br \/>\n17.05. &#8211; Koskow (Andro)<\/p>\n<p>Weitere Infos unter www.ljudmila-serkuwa.de.vu<\/p>\n","protected":false},"excerpt":{"rendered":"<p>Auf dem gesamten Nordkontinent wird in den kommenden Wochen das Alltagsleben je einen Tag nicht mehr m\u00f6glich sein. Die androsische K\u00fcnstlerin und S\u00e4ngerin Ljudmila Serkuwa zieht mit ihrem neusten B\u00fchnenprogramm namens &#8222;DANZING&#8220; durch neun L\u00e4nder. In DANZING zeigt Ljudmila Serkuwa die Lebensfreude ihrer Heimat Korgowska, preist den Wodka aus Andro und beschreibt die Freude beim [&hellip;]<\/p>\n","protected":false},"author":175,"featured_media":0,"comment_status":"open","ping_status":"closed","sticky":false,"template":"","format":"standard","meta":{"_crdt_document":"","footnotes":""},"categories":[6],"tags":[],"class_list":["post-823","post","type-post","status-publish","format-standard","hentry","category-kultur"],"_links":{"self":[{"href":"https:\/\/www.mn-nachrichten.de\/index.php?rest_route=\/wp\/v2\/posts\/823","targetHints":{"allow":["GET"]}}],"collection":[{"href":"https:\/\/www.mn-nachrichten.de\/index.php?rest_route=\/wp\/v2\/posts"}],"about":[{"href":"https:\/\/www.mn-nachrichten.de\/index.php?rest_route=\/wp\/v2\/types\/post"}],"author":[{"embeddable":true,"href":"https:\/\/www.mn-nachrichten.de\/index.php?rest_route=\/wp\/v2\/users\/175"}],"replies":[{"embeddable":true,"href":"https:\/\/www.mn-nachrichten.de\/index.php?rest_route=%2Fwp%2Fv2%2Fcomments&post=823"}],"version-history":[{"count":0,"href":"https:\/\/www.mn-nachrichten.de\/index.php?rest_route=\/wp\/v2\/posts\/823\/revisions"}],"wp:attachment":[{"href":"https:\/\/www.mn-nachrichten.de\/index.php?rest_route=%2Fwp%2Fv2%2Fmedia&parent=823"}],"wp:term":[{"taxonomy":"category","embeddable":true,"href":"https:\/\/www.mn-nachrichten.de\/index.php?rest_route=%2Fwp%2Fv2%2Fcategories&post=823"},{"taxonomy":"post_tag","embeddable":true,"href":"https:\/\/www.mn-nachrichten.de\/index.php?rest_route=%2Fwp%2Fv2%2Ftags&post=823"}],"curies":[{"name":"wp","href":"https:\/\/api.w.org\/{rel}","templated":true}]}}