{"id":821,"date":"2008-04-20T11:24:03","date_gmt":"2008-04-20T09:24:03","guid":{"rendered":"http:\/\/www.mn-nachrichten.de\/?p=821"},"modified":"2008-04-20T11:33:08","modified_gmt":"2008-04-20T09:33:08","slug":"nordanien-einheitliche-slawische-sprache-in-nordanien","status":"publish","type":"post","link":"https:\/\/www.mn-nachrichten.de\/?p=821","title":{"rendered":"[Nordanien] Einheitliche slawische Sprache in Nordanien"},"content":{"rendered":"<p>Bajramska Gora (NNN) &#8211; Die badoslowanische Landesregierung unter F\u00fchrung von Biljana Kopalka erkl\u00e4rte Nordanoslowanisch heute zur neuen Amtssprache Badoslowaniens. Diese Sprache wurde vor kurzem in Bordoslowanien von dem katholischen Geistlichen Jan Holcer vorgestellt. Holcer und Kopalka einigten sich die neue bordoslowanische Sprache unter der Bezeichnung Nordanoslowanisch (Nordanoslavju jazik) f\u00fcr beide slawischen Landesteile zur offiziellen Sprache zu machen.<\/p>\n<p>W\u00e4hrend die orthodoxen Badoslowanen ein eigenes Bundesland haben, sind die Bordoslowanen bisher ohne besondere Rechte Teil des Bundeslandes Borgenland. Mit der einheitlichen Sprache sind die beiden slawischen Landesteile nun zumindest sprachlich zusammenger\u00fcckt. In Badoslowanien wird Nordanoslowanisch in lateinischer und in kyrillischer Schrift geschrieben, im Borgenland nur lateinisch. Die Badoslowanisch Unierte Kirche und die Kulturvereinigung Matica Badoslovana unterst\u00fctzen die neue Sprache. Diese ist lexikalisch weitgehend mit dem bisherigen Badoslowanischen identisch, hat aber eine vereinfachte Grammatik.<\/p>\n<p>Die Kodifizierung einer eigenen badoslowanischen Sprache steckte seit einiger Zeit in der Krise. Die Sprachkommission der Kulturvereinigung Matica Badoslovana soll nach Angaben der Landesvorsitzenden Kopalka zudem Gelder veruntreut haben. Der erst teilweise fertige Entwurf der Kommission mit 7 F\u00e4llen, 3 Geschlechtern und einem komplizierten Aspektsystem hatte sich als unpraktisch erwiesen, der geplante \u00dcbergang des Schulunterrichts in Badoslowaniens lie\u00df sich kaum realisieren. Das Nordanische dominierte weiter.<\/p>\n<p>Politisch ist die einheitliche Sprache nat\u00fcrlich ein Schritt zur slawischen Einheit. Die Frage ist, ob der kulturellen Einheit bald auch eine politische Union folgen wird. Gestern demonstrierten in Wossartal, der Hauptstadt des Borgenlandes, circa 3000 Bordoslowanen f\u00fcr mehr Rechte. Das slawische Element ist also gest\u00e4rkt werden. Es bleibt abzuwarten, was dies f\u00fcr die Zukunft des Vielv\u00f6lkerstaates Nordanien bedeutet.<\/p>\n","protected":false},"excerpt":{"rendered":"<p>Bajramska Gora (NNN) &#8211; Die badoslowanische Landesregierung unter F\u00fchrung von Biljana Kopalka erkl\u00e4rte Nordanoslowanisch heute zur neuen Amtssprache Badoslowaniens. Diese Sprache wurde vor kurzem in Bordoslowanien von dem katholischen Geistlichen Jan Holcer vorgestellt. Holcer und Kopalka einigten sich die neue bordoslowanische Sprache unter der Bezeichnung Nordanoslowanisch (Nordanoslavju jazik) f\u00fcr beide slawischen Landesteile zur offiziellen Sprache [&hellip;]<\/p>\n","protected":false},"author":118,"featured_media":0,"comment_status":"open","ping_status":"closed","sticky":false,"template":"","format":"standard","meta":{"_crdt_document":"","footnotes":""},"categories":[6,5],"tags":[],"class_list":["post-821","post","type-post","status-publish","format-standard","hentry","category-kultur","category-wissenschaft"],"_links":{"self":[{"href":"https:\/\/www.mn-nachrichten.de\/index.php?rest_route=\/wp\/v2\/posts\/821","targetHints":{"allow":["GET"]}}],"collection":[{"href":"https:\/\/www.mn-nachrichten.de\/index.php?rest_route=\/wp\/v2\/posts"}],"about":[{"href":"https:\/\/www.mn-nachrichten.de\/index.php?rest_route=\/wp\/v2\/types\/post"}],"author":[{"embeddable":true,"href":"https:\/\/www.mn-nachrichten.de\/index.php?rest_route=\/wp\/v2\/users\/118"}],"replies":[{"embeddable":true,"href":"https:\/\/www.mn-nachrichten.de\/index.php?rest_route=%2Fwp%2Fv2%2Fcomments&post=821"}],"version-history":[{"count":0,"href":"https:\/\/www.mn-nachrichten.de\/index.php?rest_route=\/wp\/v2\/posts\/821\/revisions"}],"wp:attachment":[{"href":"https:\/\/www.mn-nachrichten.de\/index.php?rest_route=%2Fwp%2Fv2%2Fmedia&parent=821"}],"wp:term":[{"taxonomy":"category","embeddable":true,"href":"https:\/\/www.mn-nachrichten.de\/index.php?rest_route=%2Fwp%2Fv2%2Fcategories&post=821"},{"taxonomy":"post_tag","embeddable":true,"href":"https:\/\/www.mn-nachrichten.de\/index.php?rest_route=%2Fwp%2Fv2%2Ftags&post=821"}],"curies":[{"name":"wp","href":"https:\/\/api.w.org\/{rel}","templated":true}]}}