{"id":818,"date":"2008-04-19T01:15:32","date_gmt":"2008-04-18T23:15:32","guid":{"rendered":"http:\/\/www.mn-nachrichten.de\/?p=818"},"modified":"2008-07-06T00:02:05","modified_gmt":"2008-07-05T22:02:05","slug":"vearmark-nedersassonen-verbannen-das-vearische","status":"publish","type":"post","link":"https:\/\/www.mn-nachrichten.de\/?p=818","title":{"rendered":"[Vearmark] Nedersassonen verbannen das Vearische"},"content":{"rendered":"<p>Die Rufe nach einem Kjeisa werden immer lauter. Nachdem Demonstrationen in den nedersassonischen L\u00e4ndern und auch im S\u00fcden Vearmarks an der Tagesordnung sind, formiert sich inzwischen auch passiver Widerstand gegen die Vearisierung in Nedersassonien.<!--more--><\/p>\n<p>Viele Restaurants in Sassburg, Arpheim oder Leernborg haben neue Speisekarten drucken lassen, in denen die vearische \u00dcbersetzung fehlt, an vielen Orten werden an Stelle des Vearebrog nedersassonische Flaggen gehisst und in den Gro\u00dfst\u00e4dten wird die alte nedersassonische Kjeisahymne gespielt.<\/p>\n<p>Alles in allem setzt das nedersassonische Volk deutliche Akzente und zeigt sich k\u00e4mpferisch, nicht zuletzt dadurch, dass es sich eine neue Flagge gegeben hat, die den Herrschaftsanspruch Nedersassoniens auf die vearischen Gebiete ausdehnt.<\/p>\n<p>Erstaunlich ist, dass selbst die Vearen im S\u00fcden des Kernlandes pronedersassonisch auftreten. Zu erkl\u00e4ren ist das mit der engen Verbundenheit ihres K\u00f6nigs, Valdemar VI., mit Nedersassonien. Unter dem Namen Schorse residierte er viele Jahre im Keunigriek Pattenien als Gemahl der dortigen Keunigin Ahlheid II.<\/p>\n<p>Zur Stunde befindet sich Valdemar VI. im Gespr\u00e4ch mit dem Unterh\u00e4ndler der Demonstranten, Bosse Arnulf Groof van Hallenbarg-Koltenhart, um eine L\u00f6sung f\u00fcr die Situation zu diskutieren.<\/p>\n","protected":false},"excerpt":{"rendered":"<p>Die Rufe nach einem Kjeisa werden immer lauter. Nachdem Demonstrationen in den nedersassonischen L\u00e4ndern und auch im S\u00fcden Vearmarks an der Tagesordnung sind, formiert sich inzwischen auch passiver Widerstand gegen die Vearisierung in Nedersassonien.<\/p>\n","protected":false},"author":183,"featured_media":0,"comment_status":"open","ping_status":"closed","sticky":false,"template":"","format":"standard","meta":{"_crdt_document":"","footnotes":""},"categories":[86],"tags":[],"class_list":["post-818","post","type-post","status-publish","format-standard","hentry","category-untergegangen"],"_links":{"self":[{"href":"https:\/\/www.mn-nachrichten.de\/index.php?rest_route=\/wp\/v2\/posts\/818","targetHints":{"allow":["GET"]}}],"collection":[{"href":"https:\/\/www.mn-nachrichten.de\/index.php?rest_route=\/wp\/v2\/posts"}],"about":[{"href":"https:\/\/www.mn-nachrichten.de\/index.php?rest_route=\/wp\/v2\/types\/post"}],"author":[{"embeddable":true,"href":"https:\/\/www.mn-nachrichten.de\/index.php?rest_route=\/wp\/v2\/users\/183"}],"replies":[{"embeddable":true,"href":"https:\/\/www.mn-nachrichten.de\/index.php?rest_route=%2Fwp%2Fv2%2Fcomments&post=818"}],"version-history":[{"count":0,"href":"https:\/\/www.mn-nachrichten.de\/index.php?rest_route=\/wp\/v2\/posts\/818\/revisions"}],"wp:attachment":[{"href":"https:\/\/www.mn-nachrichten.de\/index.php?rest_route=%2Fwp%2Fv2%2Fmedia&parent=818"}],"wp:term":[{"taxonomy":"category","embeddable":true,"href":"https:\/\/www.mn-nachrichten.de\/index.php?rest_route=%2Fwp%2Fv2%2Fcategories&post=818"},{"taxonomy":"post_tag","embeddable":true,"href":"https:\/\/www.mn-nachrichten.de\/index.php?rest_route=%2Fwp%2Fv2%2Ftags&post=818"}],"curies":[{"name":"wp","href":"https:\/\/api.w.org\/{rel}","templated":true}]}}