{"id":814,"date":"2008-04-16T00:10:24","date_gmt":"2008-04-15T23:10:24","guid":{"rendered":"http:\/\/www.mn-nachrichten.de\/?p=814"},"modified":"2015-06-23T07:52:19","modified_gmt":"2015-06-23T06:52:19","slug":"polanien-erstmals-nationalversammlung","status":"publish","type":"post","link":"https:\/\/www.mn-nachrichten.de\/?p=814","title":{"rendered":"[Polanien] Erstmals Nationalversammlung"},"content":{"rendered":"<p>K\u00f6nig Johann Georg II. von Polanien hat heute die Nationalversammlung einberufen. Dazu sind alle B\u00fcrger des Landes geladen, sich dort anzumelden und wohlm\u00f6glich aktiv an einer politischen Willensbildung mitzuwirken.<br \/>\nBisher war Polanien eine st\u00e4ndische Monarchie, ohne ein gew\u00e4hltes Parlament.<\/p>\n","protected":false},"excerpt":{"rendered":"<p>K\u00f6nig Johann Georg II. von Polanien hat heute die Nationalversammlung einberufen. Dazu sind alle B\u00fcrger des Landes geladen, sich dort anzumelden und wohlm\u00f6glich aktiv an einer politischen Willensbildung mitzuwirken. Bisher war Polanien eine st\u00e4ndische Monarchie, ohne ein gew\u00e4hltes Parlament.<\/p>\n","protected":false},"author":123,"featured_media":0,"comment_status":"open","ping_status":"closed","sticky":false,"template":"","format":"standard","meta":{"_crdt_document":"","footnotes":""},"categories":[86],"tags":[],"class_list":["post-814","post","type-post","status-publish","format-standard","hentry","category-untergegangen"],"_links":{"self":[{"href":"https:\/\/www.mn-nachrichten.de\/index.php?rest_route=\/wp\/v2\/posts\/814","targetHints":{"allow":["GET"]}}],"collection":[{"href":"https:\/\/www.mn-nachrichten.de\/index.php?rest_route=\/wp\/v2\/posts"}],"about":[{"href":"https:\/\/www.mn-nachrichten.de\/index.php?rest_route=\/wp\/v2\/types\/post"}],"author":[{"embeddable":true,"href":"https:\/\/www.mn-nachrichten.de\/index.php?rest_route=\/wp\/v2\/users\/123"}],"replies":[{"embeddable":true,"href":"https:\/\/www.mn-nachrichten.de\/index.php?rest_route=%2Fwp%2Fv2%2Fcomments&post=814"}],"version-history":[{"count":1,"href":"https:\/\/www.mn-nachrichten.de\/index.php?rest_route=\/wp\/v2\/posts\/814\/revisions"}],"predecessor-version":[{"id":6648,"href":"https:\/\/www.mn-nachrichten.de\/index.php?rest_route=\/wp\/v2\/posts\/814\/revisions\/6648"}],"wp:attachment":[{"href":"https:\/\/www.mn-nachrichten.de\/index.php?rest_route=%2Fwp%2Fv2%2Fmedia&parent=814"}],"wp:term":[{"taxonomy":"category","embeddable":true,"href":"https:\/\/www.mn-nachrichten.de\/index.php?rest_route=%2Fwp%2Fv2%2Fcategories&post=814"},{"taxonomy":"post_tag","embeddable":true,"href":"https:\/\/www.mn-nachrichten.de\/index.php?rest_route=%2Fwp%2Fv2%2Ftags&post=814"}],"curies":[{"name":"wp","href":"https:\/\/api.w.org\/{rel}","templated":true}]}}