{"id":811,"date":"2008-04-15T21:54:39","date_gmt":"2008-04-15T19:54:39","guid":{"rendered":"http:\/\/www.mn-nachrichten.de\/?p=811"},"modified":"2008-04-15T21:54:39","modified_gmt":"2008-04-15T19:54:39","slug":"sylfaen-janeker-schafft-sensation","status":"publish","type":"post","link":"https:\/\/www.mn-nachrichten.de\/?p=811","title":{"rendered":"[Sylfaen] Janeker schafft Sensation"},"content":{"rendered":"<p>Sylfaen City: Die Wahlen zum Kanzler der Union sind nunmehr schon seit wenigen Tagen vorbei. Die Kandidaten der einzelnen Fraktionen standen, wenn man erhlich ist, schon seit l\u00e4ngerem fest. Auch wenn nach Umfragen der ALPHA aus der letzen Ausgabe nur knapp 57% der Befragten eine weitere Amtszeit Kanzler Janeker wollten, so \u00fcberraschte das Ergebnis alle Wahlbeobachter.<\/p>\n<p>Amtsinhaber, Unionskanzler Thomas Janeker (DSP) gewann die Wahl mit deutlichen Vorsprung vor Carmen Morggen (LPS) welche als LPS-SUS Herrausforderin versuchte Kanzler Janeker aus dem Kanzleramt zu heben. Die wie sich zeigte hatte die Anf\u00e4ngliche Gewinnung an Unterst\u00fctzung nicht f\u00fcr den gesamten Wahlkampf ausgereicht.<\/p>\n<p><em>Das Wahlergebnis der 6. Unionskanzlerwahl:<\/p>\n<p>Thomas Janeker: 85,71%<br \/>\nCarmen Morggen: 14,29%<br \/>\nEnthaltungen: 0%<br \/>\nUng\u00fcltige Stimmen: 0%<\/em><\/p>\n<p>Janeker konnte somit im Vergleich zu seiner letzten Wahl ein deutliches Plus von 19,04% verbuchen. <\/p>\n<p>\u00dcberraschend, nach dem seine Gunst bei den W\u00e4hlern nach Umfragen von M\u00e4rz auf nur noch knappe 57% geschrumpft waren. Janeker stand schon faktisch mit dem R\u00fccken zur Wand schaffte es letztendlich dennoch mit gro\u00dfen Vorsprung erneut in seinem Amt wiedergew\u00e4hlt zuwerden. Thomas Janeker ist nunmehr nicht nur der erste Mann im Staat der Unionspr\u00e4sident und anschlie\u00dfend Unionskanzler wahr, nein nunmehr ist er auch alleiniger Rekordhalter was die Amtszeit betrifft. Wir sind gespannt auf eine Regierung Janeker III, denn bisher hat sich weder der Kanzler noch seine Partei zu dieser Frage ge\u00e4u\u00dfert. Mann kann jedoch davon ausgehen das Janeker mit dieser absoluten Mehrheit versuchen wird, eine reine DSP gef\u00fchrte Regierung zubilden. <\/p>\n","protected":false},"excerpt":{"rendered":"<p>Sylfaen City: Die Wahlen zum Kanzler der Union sind nunmehr schon seit wenigen Tagen vorbei. Die Kandidaten der einzelnen Fraktionen standen, wenn man erhlich ist, schon seit l\u00e4ngerem fest. Auch wenn nach Umfragen der ALPHA aus der letzen Ausgabe nur knapp 57% der Befragten eine weitere Amtszeit Kanzler Janeker wollten, so \u00fcberraschte das Ergebnis alle [&hellip;]<\/p>\n","protected":false},"author":110,"featured_media":0,"comment_status":"open","ping_status":"closed","sticky":false,"template":"","format":"standard","meta":{"_crdt_document":"","footnotes":""},"categories":[86],"tags":[],"class_list":["post-811","post","type-post","status-publish","format-standard","hentry","category-untergegangen"],"_links":{"self":[{"href":"https:\/\/www.mn-nachrichten.de\/index.php?rest_route=\/wp\/v2\/posts\/811","targetHints":{"allow":["GET"]}}],"collection":[{"href":"https:\/\/www.mn-nachrichten.de\/index.php?rest_route=\/wp\/v2\/posts"}],"about":[{"href":"https:\/\/www.mn-nachrichten.de\/index.php?rest_route=\/wp\/v2\/types\/post"}],"author":[{"embeddable":true,"href":"https:\/\/www.mn-nachrichten.de\/index.php?rest_route=\/wp\/v2\/users\/110"}],"replies":[{"embeddable":true,"href":"https:\/\/www.mn-nachrichten.de\/index.php?rest_route=%2Fwp%2Fv2%2Fcomments&post=811"}],"version-history":[{"count":0,"href":"https:\/\/www.mn-nachrichten.de\/index.php?rest_route=\/wp\/v2\/posts\/811\/revisions"}],"wp:attachment":[{"href":"https:\/\/www.mn-nachrichten.de\/index.php?rest_route=%2Fwp%2Fv2%2Fmedia&parent=811"}],"wp:term":[{"taxonomy":"category","embeddable":true,"href":"https:\/\/www.mn-nachrichten.de\/index.php?rest_route=%2Fwp%2Fv2%2Fcategories&post=811"},{"taxonomy":"post_tag","embeddable":true,"href":"https:\/\/www.mn-nachrichten.de\/index.php?rest_route=%2Fwp%2Fv2%2Ftags&post=811"}],"curies":[{"name":"wp","href":"https:\/\/api.w.org\/{rel}","templated":true}]}}