{"id":795,"date":"2008-04-06T12:40:20","date_gmt":"2008-04-06T10:40:20","guid":{"rendered":"http:\/\/www.mn-nachrichten.de\/?p=795"},"modified":"2008-04-06T12:40:20","modified_gmt":"2008-04-06T10:40:20","slug":"tengoku-verschlechterung-der-beziehungen-zum-ratharisches-reich","status":"publish","type":"post","link":"https:\/\/www.mn-nachrichten.de\/?p=795","title":{"rendered":"[Tengoku] Verschlechterung der Beziehungen zum Ratharisches Reich"},"content":{"rendered":"<p>Wie das Aussenministerium mitteilte, verschlechterten sich die diplomatischen Beziehungen zwischen dem Ratharischen Reich und dem T\u00e9ng\u00f3ku Ky\u014dwakoku aufgrund der neuesten Entwicklungen im Streitfall der Senkaku-shot\u00f3 (Fischerinseln), welche bereits seit langer Zeit von beiden Staaten als souver\u00e4nes Hoheitsgebiet beansprucht werden. W\u00e4hrend das Ratharische Reich die Inselgruppe welche unter der Bezeichnung Kaledonien f\u00fchrt als rechtm\u00e4\u00dfigen territorialen Besitz ansieht, verweist die T\u00e9ng\u00f3ku Ky\u014dwakoku auf die geschichtlichen und kulturellen Hintergr\u00fcnde der besagten Eilande und fordern deren vollst\u00e4ndige R\u00fcckgabe an die Republik T\u00e9ng\u00f3ku.<\/p>\n<p>Hintergrund ist die vollst\u00e4ndige Besetzung der Inselgruppen durch das Ratharische Reich im Jahre 1935, welche durch die T\u00e9ng\u00f3ku Ky\u014dwakoku bis zum heutigen Tage als unrechtm\u00e4\u00dfiger Akt angesehen wird.<\/p>\n<p>Die weiteren Entwicklungen sind bislang noch nicht absehbar.<\/p>\n","protected":false},"excerpt":{"rendered":"<p>Wie das Aussenministerium mitteilte, verschlechterten sich die diplomatischen Beziehungen zwischen dem Ratharischen Reich und dem T\u00e9ng\u00f3ku Ky\u014dwakoku aufgrund der neuesten Entwicklungen im Streitfall der Senkaku-shot\u00f3 (Fischerinseln), welche bereits seit langer Zeit von beiden Staaten als souver\u00e4nes Hoheitsgebiet beansprucht werden. W\u00e4hrend das Ratharische Reich die Inselgruppe welche unter der Bezeichnung Kaledonien f\u00fchrt als rechtm\u00e4\u00dfigen territorialen Besitz [&hellip;]<\/p>\n","protected":false},"author":176,"featured_media":0,"comment_status":"open","ping_status":"closed","sticky":false,"template":"","format":"standard","meta":{"_crdt_document":"","footnotes":""},"categories":[1],"tags":[],"class_list":["post-795","post","type-post","status-publish","format-standard","hentry","category-international"],"_links":{"self":[{"href":"https:\/\/www.mn-nachrichten.de\/index.php?rest_route=\/wp\/v2\/posts\/795","targetHints":{"allow":["GET"]}}],"collection":[{"href":"https:\/\/www.mn-nachrichten.de\/index.php?rest_route=\/wp\/v2\/posts"}],"about":[{"href":"https:\/\/www.mn-nachrichten.de\/index.php?rest_route=\/wp\/v2\/types\/post"}],"author":[{"embeddable":true,"href":"https:\/\/www.mn-nachrichten.de\/index.php?rest_route=\/wp\/v2\/users\/176"}],"replies":[{"embeddable":true,"href":"https:\/\/www.mn-nachrichten.de\/index.php?rest_route=%2Fwp%2Fv2%2Fcomments&post=795"}],"version-history":[{"count":0,"href":"https:\/\/www.mn-nachrichten.de\/index.php?rest_route=\/wp\/v2\/posts\/795\/revisions"}],"wp:attachment":[{"href":"https:\/\/www.mn-nachrichten.de\/index.php?rest_route=%2Fwp%2Fv2%2Fmedia&parent=795"}],"wp:term":[{"taxonomy":"category","embeddable":true,"href":"https:\/\/www.mn-nachrichten.de\/index.php?rest_route=%2Fwp%2Fv2%2Fcategories&post=795"},{"taxonomy":"post_tag","embeddable":true,"href":"https:\/\/www.mn-nachrichten.de\/index.php?rest_route=%2Fwp%2Fv2%2Ftags&post=795"}],"curies":[{"name":"wp","href":"https:\/\/api.w.org\/{rel}","templated":true}]}}