{"id":793,"date":"2008-04-05T15:10:52","date_gmt":"2008-04-05T14:10:52","guid":{"rendered":"http:\/\/www.mn-nachrichten.de\/?p=793"},"modified":"2015-06-23T07:52:35","modified_gmt":"2015-06-23T06:52:35","slug":"%e5%b7%9e%e3%81%ae%e8%ad%b0%e4%bc%9a%e3%81%b8%e3%81%ae%e9%81%b8%e6%8a%9e-wahlen-zur-nationalversammlung","status":"publish","type":"post","link":"https:\/\/www.mn-nachrichten.de\/?p=793","title":{"rendered":"[Tengoku] Wahlen zur Nationalversammlung"},"content":{"rendered":"<p>Nachdem s\u00e4mtliche Wahlberechtigte bereits ihre Stimmen abgegeben haben, steht das Endergebnis der Wahlen bez\u00fcglich der Nationalversammlung der Republik T\u00e9ng\u00f3ku fest.<\/p>\n<p><strong>Dent\u00f3-Partei<\/strong> | <em>53,13%<\/em><br \/>\n<strong>Rik\u00fatsu-Partei<\/strong> | <em>21,88%<\/em><br \/>\n<strong>Shinpo-Partei<\/strong> | <em>25,00%<\/em><\/p>\n<p>Dies ergibt folgende Sitzverteilung nach Mandaten in der kommenden Nationalversammlung.<\/p>\n<p><strong>Dent\u00f3-Partei:<\/strong> <em>99 Mandate (58+41)<\/em><br \/>\n<strong>Shinpo-Partei:<\/strong> <em>70 Mandate (28+42)<\/em><br \/>\n<strong>Rik\u00fatsu-Partei:<\/strong> <em>51 Mandate (24+27)<\/em><\/p>\n","protected":false},"excerpt":{"rendered":"<p>Nachdem s\u00e4mtliche Wahlberechtigte bereits ihre Stimmen abgegeben haben, steht das Endergebnis der Wahlen bez\u00fcglich der Nationalversammlung der Republik T\u00e9ng\u00f3ku fest. Dent\u00f3-Partei | 53,13% Rik\u00fatsu-Partei | 21,88% Shinpo-Partei | 25,00% Dies ergibt folgende Sitzverteilung nach Mandaten in der kommenden Nationalversammlung. Dent\u00f3-Partei: 99 Mandate (58+41) Shinpo-Partei: 70 Mandate (28+42) Rik\u00fatsu-Partei: 51 Mandate (24+27)<\/p>\n","protected":false},"author":176,"featured_media":0,"comment_status":"open","ping_status":"closed","sticky":false,"template":"","format":"standard","meta":{"_crdt_document":"","footnotes":""},"categories":[86],"tags":[],"class_list":["post-793","post","type-post","status-publish","format-standard","hentry","category-untergegangen"],"_links":{"self":[{"href":"https:\/\/www.mn-nachrichten.de\/index.php?rest_route=\/wp\/v2\/posts\/793","targetHints":{"allow":["GET"]}}],"collection":[{"href":"https:\/\/www.mn-nachrichten.de\/index.php?rest_route=\/wp\/v2\/posts"}],"about":[{"href":"https:\/\/www.mn-nachrichten.de\/index.php?rest_route=\/wp\/v2\/types\/post"}],"author":[{"embeddable":true,"href":"https:\/\/www.mn-nachrichten.de\/index.php?rest_route=\/wp\/v2\/users\/176"}],"replies":[{"embeddable":true,"href":"https:\/\/www.mn-nachrichten.de\/index.php?rest_route=%2Fwp%2Fv2%2Fcomments&post=793"}],"version-history":[{"count":1,"href":"https:\/\/www.mn-nachrichten.de\/index.php?rest_route=\/wp\/v2\/posts\/793\/revisions"}],"predecessor-version":[{"id":6651,"href":"https:\/\/www.mn-nachrichten.de\/index.php?rest_route=\/wp\/v2\/posts\/793\/revisions\/6651"}],"wp:attachment":[{"href":"https:\/\/www.mn-nachrichten.de\/index.php?rest_route=%2Fwp%2Fv2%2Fmedia&parent=793"}],"wp:term":[{"taxonomy":"category","embeddable":true,"href":"https:\/\/www.mn-nachrichten.de\/index.php?rest_route=%2Fwp%2Fv2%2Fcategories&post=793"},{"taxonomy":"post_tag","embeddable":true,"href":"https:\/\/www.mn-nachrichten.de\/index.php?rest_route=%2Fwp%2Fv2%2Ftags&post=793"}],"curies":[{"name":"wp","href":"https:\/\/api.w.org\/{rel}","templated":true}]}}