{"id":778,"date":"2008-03-23T13:02:33","date_gmt":"2008-03-23T12:02:33","guid":{"rendered":"http:\/\/www.mn-nachrichten.de\/?p=778"},"modified":"2008-11-22T20:26:59","modified_gmt":"2008-11-22T19:26:59","slug":"reich-der-funf-cronen-teilmobilmachung-in-bereau-der-hohe-konig-erklart-sich","status":"publish","type":"post","link":"https:\/\/www.mn-nachrichten.de\/?p=778","title":{"rendered":"[Reich der F\u00fcnf Cronen] Teilmobilmachung in Bereau &#8211; der Hohe K\u00f6nig erkl\u00e4rt sich"},"content":{"rendered":"<p><strong>Hohenstauffenberg<\/strong> In einer Communicatio Regis Magni Populis Coronarum Suarum sprach der Hohe K\u00f6nig heute zu seinem Volke:<\/p>\n<p><strong>Communicatio de motionibus militaribus beroanis et de bello gliscente noriano<\/strong><\/p>\n<p>&#8222;Meine V\u00f6lker!<\/p>\n<p>Eine jede Ordnung, die sich erh\u00f6ht \u00fcber das Bestehende, gleich einem Adler, der aufsteigt, sich zu erheben \u00fcber seine gleichwohl gefiederten Vettern, bedarf inneren Zusammenhalts und leidenschaftlicher Verteidigung. Denn wisset, meine V\u00f6lker, einige gibt es, die in Furcht und Mi\u00dftrauen und Ha\u00df auch versunken, den Aufstieg des Hohenstauffenbergischen Adlers uns neiden. Wisset ferndem, da\u00df es sich hierbei um gewisse Adelscliquen und Ausbeuterindustrielle an der Spitze des Gelderner Reiches handelt, die haud dubio von dem einen Gedanken durchdrungen sind, die Eisernen Cronen von Stauffen, Bereau und C\u00f6llen wieder unter die feudalistische Drangsal zu bringen, ut servitutem turpem servirent.<\/p>\n<p>Am heutigen Tage hat das Ratharische Reich dem Zarenreich Andro den Kriegszustand erkl\u00e4rt. Der Anla\u00df ist nichtig, doch die Ursachen sind klar und kaum von der Hand zu weisen. Das Reich ist vorbereitet: Wir haben angeordnet, euch Cives zu sch\u00fctzen und unsere Ordo Novo, auf da\u00df es bald hei\u00dfen m\u00f6ge, wenn einer ausspricht &#8222;Civis Coronalis Sum&#8220;, dies sei wahrlich ein gl\u00fccklicher hoher Erdenmensch.<\/p>\n<p>Der F\u00fchrungsstab des Exercitus Beroanus wurde angewiesen, in der Ferrea Corona Beroanae Teilmobilmachung anzuordnen. Nicht etwa, weil wir ged\u00e4chten einen Angriffskrieg zu f\u00fchren, auf die n\u00f6rdlichen Teile des uns nach g\u00f6ttlichem Ratschlu\u00df zugeh\u00f6rigen Bereau in das Reich zur\u00fcckzuf\u00fchren, sondern um auf einen Angriff des Nordbundpaktes vorbereitet zu sein.<\/p>\n<p>Deus Nobiscum.&#8220;<\/p>\n","protected":false},"excerpt":{"rendered":"<p>Hohenstauffenberg In einer Communicatio Regis Magni Populis Coronarum Suarum sprach der Hohe K\u00f6nig heute zu seinem Volke: Communicatio de motionibus militaribus beroanis et de bello gliscente noriano &#8222;Meine V\u00f6lker! Eine jede Ordnung, die sich erh\u00f6ht \u00fcber das Bestehende, gleich einem Adler, der aufsteigt, sich zu erheben \u00fcber seine gleichwohl gefiederten Vettern, bedarf inneren Zusammenhalts und [&hellip;]<\/p>\n","protected":false},"author":18,"featured_media":0,"comment_status":"open","ping_status":"closed","sticky":false,"template":"","format":"standard","meta":{"_crdt_document":"","footnotes":""},"categories":[86],"tags":[],"class_list":["post-778","post","type-post","status-publish","format-standard","hentry","category-untergegangen"],"_links":{"self":[{"href":"https:\/\/www.mn-nachrichten.de\/index.php?rest_route=\/wp\/v2\/posts\/778","targetHints":{"allow":["GET"]}}],"collection":[{"href":"https:\/\/www.mn-nachrichten.de\/index.php?rest_route=\/wp\/v2\/posts"}],"about":[{"href":"https:\/\/www.mn-nachrichten.de\/index.php?rest_route=\/wp\/v2\/types\/post"}],"author":[{"embeddable":true,"href":"https:\/\/www.mn-nachrichten.de\/index.php?rest_route=\/wp\/v2\/users\/18"}],"replies":[{"embeddable":true,"href":"https:\/\/www.mn-nachrichten.de\/index.php?rest_route=%2Fwp%2Fv2%2Fcomments&post=778"}],"version-history":[{"count":1,"href":"https:\/\/www.mn-nachrichten.de\/index.php?rest_route=\/wp\/v2\/posts\/778\/revisions"}],"predecessor-version":[{"id":1472,"href":"https:\/\/www.mn-nachrichten.de\/index.php?rest_route=\/wp\/v2\/posts\/778\/revisions\/1472"}],"wp:attachment":[{"href":"https:\/\/www.mn-nachrichten.de\/index.php?rest_route=%2Fwp%2Fv2%2Fmedia&parent=778"}],"wp:term":[{"taxonomy":"category","embeddable":true,"href":"https:\/\/www.mn-nachrichten.de\/index.php?rest_route=%2Fwp%2Fv2%2Fcategories&post=778"},{"taxonomy":"post_tag","embeddable":true,"href":"https:\/\/www.mn-nachrichten.de\/index.php?rest_route=%2Fwp%2Fv2%2Ftags&post=778"}],"curies":[{"name":"wp","href":"https:\/\/api.w.org\/{rel}","templated":true}]}}