{"id":775,"date":"2008-03-22T06:19:19","date_gmt":"2008-03-22T05:19:19","guid":{"rendered":"http:\/\/www.mn-nachrichten.de\/?p=775"},"modified":"2008-03-22T07:35:55","modified_gmt":"2008-03-22T06:35:55","slug":"weltkunstausstellung-2008","status":"publish","type":"post","link":"https:\/\/www.mn-nachrichten.de\/?p=775","title":{"rendered":"Weltkunstausstellung 2008"},"content":{"rendered":"<p>Der Welt Kunst Verband richtet seine diesj\u00e4hrige Weltkulturausstellung 2008 in Hirschiegrad, USSRAT aus und l\u00e4d K\u00fcnstler aller Couleur ein. Die veranstaltung l\u00e4uft vom 15. bis 31. Mai. Unter dem Motto &#8222;Kunst martert Hirn&#8220; gibt der Verband K\u00fcnstlern die M\u00f6glichkeit, ihre Werke internationalem Fachpublikum vorzustellen, ob nun <strong>Gem\u00e4lde, Skulpturen, Lyrik, Musik oder Filme<\/strong>. Einsendeschlu\u00df f\u00fcr Exponate ist der 12. Mai. Nat\u00fcrlich werden unter den Ausstellungsst\u00fccken auch einige Preise vergeben, darunter ein Publikumspreis. Die Gewinner finden in der WKA Hall of Fame Verewigung. Zugleich erhalten Heimatl\u00e4nder teilnehmender K\u00fcnstler die Chance auf die Ausrichtung der WKA 2009.<\/p>\n<p>Alle Informationen finden Sie auf der <a href=\"http:\/\/sowjetrepublik.so.funpic.de\/wkv\/wka2008.html\">WKA 2008 Homepage<\/a><\/p>\n<p>oder den Verbandsseiten <a href=\"http:\/\/www.welt-kunst-verband.de.vu\">www.welt-kunst-verband.de.vu<\/a><br \/>\nWir freuen uns auf Sie!<\/p>\n","protected":false},"excerpt":{"rendered":"<p>Der Welt Kunst Verband richtet seine diesj\u00e4hrige Weltkulturausstellung 2008 in Hirschiegrad, USSRAT aus und l\u00e4d K\u00fcnstler aller Couleur ein. Die veranstaltung l\u00e4uft vom 15. bis 31. Mai. Unter dem Motto &#8222;Kunst martert Hirn&#8220; gibt der Verband K\u00fcnstlern die M\u00f6glichkeit, ihre Werke internationalem Fachpublikum vorzustellen, ob nun Gem\u00e4lde, Skulpturen, Lyrik, Musik oder Filme. Einsendeschlu\u00df f\u00fcr Exponate [&hellip;]<\/p>\n","protected":false},"author":166,"featured_media":0,"comment_status":"open","ping_status":"closed","sticky":false,"template":"","format":"standard","meta":{"_crdt_document":"","footnotes":""},"categories":[1,6],"tags":[],"class_list":["post-775","post","type-post","status-publish","format-standard","hentry","category-international","category-kultur"],"_links":{"self":[{"href":"https:\/\/www.mn-nachrichten.de\/index.php?rest_route=\/wp\/v2\/posts\/775","targetHints":{"allow":["GET"]}}],"collection":[{"href":"https:\/\/www.mn-nachrichten.de\/index.php?rest_route=\/wp\/v2\/posts"}],"about":[{"href":"https:\/\/www.mn-nachrichten.de\/index.php?rest_route=\/wp\/v2\/types\/post"}],"author":[{"embeddable":true,"href":"https:\/\/www.mn-nachrichten.de\/index.php?rest_route=\/wp\/v2\/users\/166"}],"replies":[{"embeddable":true,"href":"https:\/\/www.mn-nachrichten.de\/index.php?rest_route=%2Fwp%2Fv2%2Fcomments&post=775"}],"version-history":[{"count":0,"href":"https:\/\/www.mn-nachrichten.de\/index.php?rest_route=\/wp\/v2\/posts\/775\/revisions"}],"wp:attachment":[{"href":"https:\/\/www.mn-nachrichten.de\/index.php?rest_route=%2Fwp%2Fv2%2Fmedia&parent=775"}],"wp:term":[{"taxonomy":"category","embeddable":true,"href":"https:\/\/www.mn-nachrichten.de\/index.php?rest_route=%2Fwp%2Fv2%2Fcategories&post=775"},{"taxonomy":"post_tag","embeddable":true,"href":"https:\/\/www.mn-nachrichten.de\/index.php?rest_route=%2Fwp%2Fv2%2Ftags&post=775"}],"curies":[{"name":"wp","href":"https:\/\/api.w.org\/{rel}","templated":true}]}}