{"id":770,"date":"2008-03-20T01:29:52","date_gmt":"2008-03-20T00:29:52","guid":{"rendered":"http:\/\/www.mn-nachrichten.de\/?p=770"},"modified":"2008-03-20T01:29:52","modified_gmt":"2008-03-20T00:29:52","slug":"vannenheim-freistaat-vyumo-erklart-unabhangigkeit","status":"publish","type":"post","link":"https:\/\/www.mn-nachrichten.de\/?p=770","title":{"rendered":"[Vannenheim] Freistaat Vyum\u00f6 erkl\u00e4rt Unabh\u00e4ngigkeit"},"content":{"rendered":"<p>Nachdem die Zentralgewalt in Vannenheim zusammengebrochen und Irkanien in das Land einmarschiert ist, erkl\u00e4rte der Freistaat bereits in der Vergangenheit seine Autonomie von Vannenheim, was aber mit einem Nuklearschlag beantwortet wurde.<\/p>\n<p>Nun haben die vier St\u00e4dte der Insel ein Staatsoberhaupt gew\u00e4hlt, das die provisorische Regierung anf\u00fchren soll.<\/p>\n","protected":false},"excerpt":{"rendered":"<p>Nachdem die Zentralgewalt in Vannenheim zusammengebrochen und Irkanien in das Land einmarschiert ist, erkl\u00e4rte der Freistaat bereits in der Vergangenheit seine Autonomie von Vannenheim, was aber mit einem Nuklearschlag beantwortet wurde. Nun haben die vier St\u00e4dte der Insel ein Staatsoberhaupt gew\u00e4hlt, das die provisorische Regierung anf\u00fchren soll.<\/p>\n","protected":false},"author":123,"featured_media":0,"comment_status":"open","ping_status":"closed","sticky":false,"template":"","format":"standard","meta":{"_crdt_document":"","footnotes":""},"categories":[1],"tags":[],"class_list":["post-770","post","type-post","status-publish","format-standard","hentry","category-international"],"_links":{"self":[{"href":"https:\/\/www.mn-nachrichten.de\/index.php?rest_route=\/wp\/v2\/posts\/770","targetHints":{"allow":["GET"]}}],"collection":[{"href":"https:\/\/www.mn-nachrichten.de\/index.php?rest_route=\/wp\/v2\/posts"}],"about":[{"href":"https:\/\/www.mn-nachrichten.de\/index.php?rest_route=\/wp\/v2\/types\/post"}],"author":[{"embeddable":true,"href":"https:\/\/www.mn-nachrichten.de\/index.php?rest_route=\/wp\/v2\/users\/123"}],"replies":[{"embeddable":true,"href":"https:\/\/www.mn-nachrichten.de\/index.php?rest_route=%2Fwp%2Fv2%2Fcomments&post=770"}],"version-history":[{"count":0,"href":"https:\/\/www.mn-nachrichten.de\/index.php?rest_route=\/wp\/v2\/posts\/770\/revisions"}],"wp:attachment":[{"href":"https:\/\/www.mn-nachrichten.de\/index.php?rest_route=%2Fwp%2Fv2%2Fmedia&parent=770"}],"wp:term":[{"taxonomy":"category","embeddable":true,"href":"https:\/\/www.mn-nachrichten.de\/index.php?rest_route=%2Fwp%2Fv2%2Fcategories&post=770"},{"taxonomy":"post_tag","embeddable":true,"href":"https:\/\/www.mn-nachrichten.de\/index.php?rest_route=%2Fwp%2Fv2%2Ftags&post=770"}],"curies":[{"name":"wp","href":"https:\/\/api.w.org\/{rel}","templated":true}]}}