{"id":769,"date":"2008-03-20T00:25:03","date_gmt":"2008-03-19T23:25:03","guid":{"rendered":"http:\/\/www.mn-nachrichten.de\/?p=769"},"modified":"2008-03-20T00:25:03","modified_gmt":"2008-03-19T23:25:03","slug":"stralien-regierung-verurteilt-irkanien","status":"publish","type":"post","link":"https:\/\/www.mn-nachrichten.de\/?p=769","title":{"rendered":"[Stralien] Regierung verurteilt Irkanien"},"content":{"rendered":"<p>Die stralische Regierung \u00e4u\u00dferste ihr Missfallen im vorgehen Irkaniens in Vannenheim. Man sehe eine klare Grenzverletzung in der Region.<br \/>\nIrkanien verteidigte sich damit, das man Vannenheim in einer humanit\u00e4ren Aktion zu Hilfe k\u00e4me und auch die UVNO dies absegnen w\u00fcrde. Stralien aber hat bef\u00fcrchtungen, das es das n\u00e4chste Opfer der &#8222;humanit\u00e4ren Aktion&#8220; werden k\u00f6nnte.<\/p>\n","protected":false},"excerpt":{"rendered":"<p>Die stralische Regierung \u00e4u\u00dferste ihr Missfallen im vorgehen Irkaniens in Vannenheim. Man sehe eine klare Grenzverletzung in der Region. Irkanien verteidigte sich damit, das man Vannenheim in einer humanit\u00e4ren Aktion zu Hilfe k\u00e4me und auch die UVNO dies absegnen w\u00fcrde. Stralien aber hat bef\u00fcrchtungen, das es das n\u00e4chste Opfer der &#8222;humanit\u00e4ren Aktion&#8220; werden k\u00f6nnte.<\/p>\n","protected":false},"author":123,"featured_media":0,"comment_status":"open","ping_status":"closed","sticky":false,"template":"","format":"standard","meta":{"_crdt_document":"","footnotes":""},"categories":[1],"tags":[],"class_list":["post-769","post","type-post","status-publish","format-standard","hentry","category-international"],"_links":{"self":[{"href":"https:\/\/www.mn-nachrichten.de\/index.php?rest_route=\/wp\/v2\/posts\/769","targetHints":{"allow":["GET"]}}],"collection":[{"href":"https:\/\/www.mn-nachrichten.de\/index.php?rest_route=\/wp\/v2\/posts"}],"about":[{"href":"https:\/\/www.mn-nachrichten.de\/index.php?rest_route=\/wp\/v2\/types\/post"}],"author":[{"embeddable":true,"href":"https:\/\/www.mn-nachrichten.de\/index.php?rest_route=\/wp\/v2\/users\/123"}],"replies":[{"embeddable":true,"href":"https:\/\/www.mn-nachrichten.de\/index.php?rest_route=%2Fwp%2Fv2%2Fcomments&post=769"}],"version-history":[{"count":0,"href":"https:\/\/www.mn-nachrichten.de\/index.php?rest_route=\/wp\/v2\/posts\/769\/revisions"}],"wp:attachment":[{"href":"https:\/\/www.mn-nachrichten.de\/index.php?rest_route=%2Fwp%2Fv2%2Fmedia&parent=769"}],"wp:term":[{"taxonomy":"category","embeddable":true,"href":"https:\/\/www.mn-nachrichten.de\/index.php?rest_route=%2Fwp%2Fv2%2Fcategories&post=769"},{"taxonomy":"post_tag","embeddable":true,"href":"https:\/\/www.mn-nachrichten.de\/index.php?rest_route=%2Fwp%2Fv2%2Ftags&post=769"}],"curies":[{"name":"wp","href":"https:\/\/api.w.org\/{rel}","templated":true}]}}