{"id":765,"date":"2008-03-17T16:36:02","date_gmt":"2008-03-17T15:36:02","guid":{"rendered":"http:\/\/www.mn-nachrichten.de\/?p=765"},"modified":"2008-03-17T16:36:02","modified_gmt":"2008-03-17T15:36:02","slug":"sylfaen-duell-um-das-prasidentialamt","status":"publish","type":"post","link":"https:\/\/www.mn-nachrichten.de\/?p=765","title":{"rendered":"[Sylfaen] Duell um das Pr\u00e4sidentialamt"},"content":{"rendered":"<p><strong>Sylfaen City: <\/strong>Heute wissen wir mehr. Die Wahl zum Unionspr\u00e4sidenten geht in den f\u00fcnften Wahlgang! Kandidaten sind diesmal der allzeit Kandidat und Amtsinhaber Unionspr\u00e4sident Al Mighty (Partl.) und sein erstmals angetretener Herrausforderer, Herr Unionsminister Lucas Banert (SUS). Die Kandidatur von Banert sorgte bereits bei Verk\u00fcndug f\u00fcr einen kleinen Aufschrei seitens der DSP. Banert setzte sich gemeinsam mit LPS-Politikerin Carmen Morggen f\u00fcr die Abschaffung des Unionspr\u00e4sidentenamtes ein, der Vorschlag scheiterte letztlich an der DSP-NFPS Mehrheit im Nationalkonvent. Doch mit dem Wegfallen der NFPS k\u00f6nnten sich die Machtbalken zu gunsten des LPS-SUS Kandidaten wenden. Mighty welcher in den vergangenen Wahlg\u00e4ngen keine Mehrheit erreichen konnte, ist dennoch davon \u00fcberzeugt am ende der strahlende Sieger zusein. <\/p>\n<p>Die ALPHA hat beide Kandidaten anhat ihrer erbrachten Leistungen und selbsteinsch\u00e4tzungen von Seiten der Redaktion unter die Luppe genommen:<\/p>\n<p><strong>Al Mighty &#8211; Der Amtsinhaber<\/strong><br \/>\nLPS und SUS warfen ihn zunehmend vernachl\u00e4ssigung seines Amtes und inaktivit\u00e4t vor. Deshalb d\u00fcrften im Mighty-Lager die Lichter auch noch sp\u00e4t nach Mitternacht brennen, den mit dem formieren einer neuen Partei der Linksdemokraten, welches sich zur Zeit anbahnt. Sollten seine Chancen weiter gesunken sein. Da sich die LD bereits gegen einen Unionspr\u00e4sidenten ausgeprochen hat!<\/p>\n<p><strong>Lucas Banert &#8211; Der Herrausforderer<\/strong><br \/>\nDer Kandidat Banert welcher bisher nur offen von seiner Partei und der LPS unterst\u00fctz wurde, muss vorallem wegen seiner \u00e4u\u00dferung das Pr\u00e4sidentamt abzuschaffen mit erheblichen Stimmenverlusten rechnen. Auch steht der LPS-SUS Fraktion eine wenn auch geschw\u00e4chte aber immer noch starke DSP Fraktion entgegen. Auch bewies der Kandidat nicht, das er besser als der Amtsinhaber ist. Im Gegenteil auch er f\u00fchrte keinen Wahlkampf wie vorher gro\u00dfhals ausgeschrien!<\/p>\n<p>Alles in allen k\u00f6nnen mit einem engen Wahlausgang rechnen. Die Chancen das ein Kandidat zum Unionspr\u00e4sidenten gew\u00e4hlt wird, sind zwar wegen zwei Bewerber deutlich gestiegen. Dennoch wird es auch daran liegen welche Partei bzw. Fraktion mehr W\u00e4hler zur Stimmenabgabe bringen kann. Ansonsten wird es auch um Unionskanzler Janeker und seiner Haltung zum Amt des Unionspr\u00e4sidenten deutlich enger. Janeke hat wiederholt ge\u00e4u\u00dfert solange er Unionskanzler ist bleibt das Amt in seiner jetzigen Form bestehen!<\/p>\n<p>Alpha meint, warten wirs ab!<\/p>\n<p><em>Quelle ALPHA NEWS<\/em><\/p>\n","protected":false},"excerpt":{"rendered":"<p>Sylfaen City: Heute wissen wir mehr. Die Wahl zum Unionspr\u00e4sidenten geht in den f\u00fcnften Wahlgang! Kandidaten sind diesmal der allzeit Kandidat und Amtsinhaber Unionspr\u00e4sident Al Mighty (Partl.) und sein erstmals angetretener Herrausforderer, Herr Unionsminister Lucas Banert (SUS). Die Kandidatur von Banert sorgte bereits bei Verk\u00fcndug f\u00fcr einen kleinen Aufschrei seitens der DSP. Banert setzte sich [&hellip;]<\/p>\n","protected":false},"author":110,"featured_media":0,"comment_status":"open","ping_status":"closed","sticky":false,"template":"","format":"standard","meta":{"_crdt_document":"","footnotes":""},"categories":[86],"tags":[],"class_list":["post-765","post","type-post","status-publish","format-standard","hentry","category-untergegangen"],"_links":{"self":[{"href":"https:\/\/www.mn-nachrichten.de\/index.php?rest_route=\/wp\/v2\/posts\/765","targetHints":{"allow":["GET"]}}],"collection":[{"href":"https:\/\/www.mn-nachrichten.de\/index.php?rest_route=\/wp\/v2\/posts"}],"about":[{"href":"https:\/\/www.mn-nachrichten.de\/index.php?rest_route=\/wp\/v2\/types\/post"}],"author":[{"embeddable":true,"href":"https:\/\/www.mn-nachrichten.de\/index.php?rest_route=\/wp\/v2\/users\/110"}],"replies":[{"embeddable":true,"href":"https:\/\/www.mn-nachrichten.de\/index.php?rest_route=%2Fwp%2Fv2%2Fcomments&post=765"}],"version-history":[{"count":0,"href":"https:\/\/www.mn-nachrichten.de\/index.php?rest_route=\/wp\/v2\/posts\/765\/revisions"}],"wp:attachment":[{"href":"https:\/\/www.mn-nachrichten.de\/index.php?rest_route=%2Fwp%2Fv2%2Fmedia&parent=765"}],"wp:term":[{"taxonomy":"category","embeddable":true,"href":"https:\/\/www.mn-nachrichten.de\/index.php?rest_route=%2Fwp%2Fv2%2Fcategories&post=765"},{"taxonomy":"post_tag","embeddable":true,"href":"https:\/\/www.mn-nachrichten.de\/index.php?rest_route=%2Fwp%2Fv2%2Ftags&post=765"}],"curies":[{"name":"wp","href":"https:\/\/api.w.org\/{rel}","templated":true}]}}