{"id":748,"date":"2008-03-10T22:31:33","date_gmt":"2008-03-10T21:31:33","guid":{"rendered":"http:\/\/www.mn-nachrichten.de\/?p=748"},"modified":"2008-03-10T22:31:33","modified_gmt":"2008-03-10T21:31:33","slug":"andro-republik-ausgerufen","status":"publish","type":"post","link":"https:\/\/www.mn-nachrichten.de\/?p=748","title":{"rendered":"[Andro] Republik ausgerufen"},"content":{"rendered":"<p>Der Au\u00dfenminister und Vizepremier Leonid Leninov hat heute ohne die Zustimmung der Duma oder der Bev\u00f6lkerung die Republik in Amndro ausgerufen. Er st\u00fctzt sich damit auf die Regierungsmehrheit wie die Meinung im Volke. Die derzeit laufende Volksabstimmung hat er dabei nicht ber\u00fccksichtigt. Andro war schon einmal f\u00fcr wenige Tage eine Republik, ob sie sich diesmal beweisen kann, wird sich zeigen. Doch erneut haben sich wieder viele unbekannte Subjekte auf der politischen B\u00fchne gemeldet, um ihre Meinungen der Bev\u00f6lkerung preis zu geben und ihre ansichten der Republik zu verbreiten.<\/p>\n","protected":false},"excerpt":{"rendered":"<p>Der Au\u00dfenminister und Vizepremier Leonid Leninov hat heute ohne die Zustimmung der Duma oder der Bev\u00f6lkerung die Republik in Amndro ausgerufen. Er st\u00fctzt sich damit auf die Regierungsmehrheit wie die Meinung im Volke. Die derzeit laufende Volksabstimmung hat er dabei nicht ber\u00fccksichtigt. Andro war schon einmal f\u00fcr wenige Tage eine Republik, ob sie sich diesmal [&hellip;]<\/p>\n","protected":false},"author":123,"featured_media":0,"comment_status":"open","ping_status":"closed","sticky":false,"template":"","format":"standard","meta":{"_crdt_document":"","footnotes":""},"categories":[42],"tags":[],"class_list":["post-748","post","type-post","status-publish","format-standard","hentry","category-andro"],"_links":{"self":[{"href":"https:\/\/www.mn-nachrichten.de\/index.php?rest_route=\/wp\/v2\/posts\/748","targetHints":{"allow":["GET"]}}],"collection":[{"href":"https:\/\/www.mn-nachrichten.de\/index.php?rest_route=\/wp\/v2\/posts"}],"about":[{"href":"https:\/\/www.mn-nachrichten.de\/index.php?rest_route=\/wp\/v2\/types\/post"}],"author":[{"embeddable":true,"href":"https:\/\/www.mn-nachrichten.de\/index.php?rest_route=\/wp\/v2\/users\/123"}],"replies":[{"embeddable":true,"href":"https:\/\/www.mn-nachrichten.de\/index.php?rest_route=%2Fwp%2Fv2%2Fcomments&post=748"}],"version-history":[{"count":0,"href":"https:\/\/www.mn-nachrichten.de\/index.php?rest_route=\/wp\/v2\/posts\/748\/revisions"}],"wp:attachment":[{"href":"https:\/\/www.mn-nachrichten.de\/index.php?rest_route=%2Fwp%2Fv2%2Fmedia&parent=748"}],"wp:term":[{"taxonomy":"category","embeddable":true,"href":"https:\/\/www.mn-nachrichten.de\/index.php?rest_route=%2Fwp%2Fv2%2Fcategories&post=748"},{"taxonomy":"post_tag","embeddable":true,"href":"https:\/\/www.mn-nachrichten.de\/index.php?rest_route=%2Fwp%2Fv2%2Ftags&post=748"}],"curies":[{"name":"wp","href":"https:\/\/api.w.org\/{rel}","templated":true}]}}