{"id":739,"date":"2008-03-07T20:31:35","date_gmt":"2008-03-07T19:31:35","guid":{"rendered":"http:\/\/www.mn-nachrichten.de\/?p=739"},"modified":"2008-09-22T07:37:43","modified_gmt":"2008-09-22T05:37:43","slug":"attentat-auf-den-erzbischof","status":"publish","type":"post","link":"https:\/\/www.mn-nachrichten.de\/?p=739","title":{"rendered":"[Istvanien] Attentat auf den Erzbischof"},"content":{"rendered":"<p>Am 7.3.2007 wurde im Kloster Magar\u00e9, im F\u00fcrstentum Erd\u00e9ly, ein Attentat auf Seine Durchlaucht, den Erz- und F\u00fcrstbischof ver\u00fcbt.<br \/>\nSeine Durchlaucht erlitt dabei eine Schulterverletzung und befindet sich bereits auf dem Weg der Genesung. Der T\u00e4ter wurde kurz nach dem Attentat durch Polizisten, die den Erzbischof unter Polizeischutz gestellt hatten, erschossen. Seine Indendit\u00e4t konnte noch nicht gekl\u00e4rt werden.<\/p>\n","protected":false},"excerpt":{"rendered":"<p>Am 7.3.2007 wurde im Kloster Magar\u00e9, im F\u00fcrstentum Erd\u00e9ly, ein Attentat auf Seine Durchlaucht, den Erz- und F\u00fcrstbischof ver\u00fcbt. Seine Durchlaucht erlitt dabei eine Schulterverletzung und befindet sich bereits auf dem Weg der Genesung. Der T\u00e4ter wurde kurz nach dem Attentat durch Polizisten, die den Erzbischof unter Polizeischutz gestellt hatten, erschossen. Seine Indendit\u00e4t konnte noch [&hellip;]<\/p>\n","protected":false},"author":101,"featured_media":0,"comment_status":"open","ping_status":"closed","sticky":false,"template":"","format":"standard","meta":{"_crdt_document":"","footnotes":""},"categories":[86],"tags":[],"class_list":["post-739","post","type-post","status-publish","format-standard","hentry","category-untergegangen"],"_links":{"self":[{"href":"https:\/\/www.mn-nachrichten.de\/index.php?rest_route=\/wp\/v2\/posts\/739","targetHints":{"allow":["GET"]}}],"collection":[{"href":"https:\/\/www.mn-nachrichten.de\/index.php?rest_route=\/wp\/v2\/posts"}],"about":[{"href":"https:\/\/www.mn-nachrichten.de\/index.php?rest_route=\/wp\/v2\/types\/post"}],"author":[{"embeddable":true,"href":"https:\/\/www.mn-nachrichten.de\/index.php?rest_route=\/wp\/v2\/users\/101"}],"replies":[{"embeddable":true,"href":"https:\/\/www.mn-nachrichten.de\/index.php?rest_route=%2Fwp%2Fv2%2Fcomments&post=739"}],"version-history":[{"count":1,"href":"https:\/\/www.mn-nachrichten.de\/index.php?rest_route=\/wp\/v2\/posts\/739\/revisions"}],"predecessor-version":[{"id":1205,"href":"https:\/\/www.mn-nachrichten.de\/index.php?rest_route=\/wp\/v2\/posts\/739\/revisions\/1205"}],"wp:attachment":[{"href":"https:\/\/www.mn-nachrichten.de\/index.php?rest_route=%2Fwp%2Fv2%2Fmedia&parent=739"}],"wp:term":[{"taxonomy":"category","embeddable":true,"href":"https:\/\/www.mn-nachrichten.de\/index.php?rest_route=%2Fwp%2Fv2%2Fcategories&post=739"},{"taxonomy":"post_tag","embeddable":true,"href":"https:\/\/www.mn-nachrichten.de\/index.php?rest_route=%2Fwp%2Fv2%2Ftags&post=739"}],"curies":[{"name":"wp","href":"https:\/\/api.w.org\/{rel}","templated":true}]}}