{"id":737,"date":"2008-03-05T10:23:20","date_gmt":"2008-03-05T09:23:20","guid":{"rendered":"http:\/\/www.mn-nachrichten.de\/?p=737"},"modified":"2008-03-05T10:23:20","modified_gmt":"2008-03-05T09:23:20","slug":"bergen-bundesprasidentin-erschossen","status":"publish","type":"post","link":"https:\/\/www.mn-nachrichten.de\/?p=737","title":{"rendered":"[Bergen] Bundespr\u00e4sidentin erschossen"},"content":{"rendered":"<p>Gestern wurde die bergische Bundespr\u00e4sidentin Angelique Bordon vor ihrem Haus von einem Unbekannten erschossen.<br \/>\nPolizei und Rettungskr\u00e4fte traffen kurze Zeit sp\u00e4ter am Tatort ein, derzeit liegt aber noch kein Bericht vor.<br \/>\nAus Zeugenaussagen geht man stark davon aus, dass die Bundespr\u00e4sidentin an den Sch\u00fcssen wohl leider verstorben ist.<\/p>\n","protected":false},"excerpt":{"rendered":"<p>Gestern wurde die bergische Bundespr\u00e4sidentin Angelique Bordon vor ihrem Haus von einem Unbekannten erschossen. Polizei und Rettungskr\u00e4fte traffen kurze Zeit sp\u00e4ter am Tatort ein, derzeit liegt aber noch kein Bericht vor. Aus Zeugenaussagen geht man stark davon aus, dass die Bundespr\u00e4sidentin an den Sch\u00fcssen wohl leider verstorben ist.<\/p>\n","protected":false},"author":123,"featured_media":0,"comment_status":"open","ping_status":"closed","sticky":false,"template":"","format":"standard","meta":{"_crdt_document":"","footnotes":""},"categories":[39],"tags":[],"class_list":["post-737","post","type-post","status-publish","format-standard","hentry","category-bergen"],"_links":{"self":[{"href":"https:\/\/www.mn-nachrichten.de\/index.php?rest_route=\/wp\/v2\/posts\/737","targetHints":{"allow":["GET"]}}],"collection":[{"href":"https:\/\/www.mn-nachrichten.de\/index.php?rest_route=\/wp\/v2\/posts"}],"about":[{"href":"https:\/\/www.mn-nachrichten.de\/index.php?rest_route=\/wp\/v2\/types\/post"}],"author":[{"embeddable":true,"href":"https:\/\/www.mn-nachrichten.de\/index.php?rest_route=\/wp\/v2\/users\/123"}],"replies":[{"embeddable":true,"href":"https:\/\/www.mn-nachrichten.de\/index.php?rest_route=%2Fwp%2Fv2%2Fcomments&post=737"}],"version-history":[{"count":0,"href":"https:\/\/www.mn-nachrichten.de\/index.php?rest_route=\/wp\/v2\/posts\/737\/revisions"}],"wp:attachment":[{"href":"https:\/\/www.mn-nachrichten.de\/index.php?rest_route=%2Fwp%2Fv2%2Fmedia&parent=737"}],"wp:term":[{"taxonomy":"category","embeddable":true,"href":"https:\/\/www.mn-nachrichten.de\/index.php?rest_route=%2Fwp%2Fv2%2Fcategories&post=737"},{"taxonomy":"post_tag","embeddable":true,"href":"https:\/\/www.mn-nachrichten.de\/index.php?rest_route=%2Fwp%2Fv2%2Ftags&post=737"}],"curies":[{"name":"wp","href":"https:\/\/api.w.org\/{rel}","templated":true}]}}