{"id":734,"date":"2008-03-02T20:28:45","date_gmt":"2008-03-02T19:28:45","guid":{"rendered":"http:\/\/www.mn-nachrichten.de\/?p=734"},"modified":"2008-03-02T20:28:45","modified_gmt":"2008-03-02T19:28:45","slug":"vannenheim-einsatz-von-atomwaffen","status":"publish","type":"post","link":"https:\/\/www.mn-nachrichten.de\/?p=734","title":{"rendered":"[Vannenheim] Einsatz von Atomwaffen"},"content":{"rendered":"<p>Auf Weisung des Imperators von Vannenheim wurde gestern eine taktische Atomwaffe \u00fcber der Stadt Ville-sur-mer auf der Insel Vyum\u00f6 abgeworfen. Die Insel hatte sich zuvor als autonom erkl\u00e4rt, kurz nach dem Einmarsch Irkaniens.<br \/>\nAus unbest\u00e4tigten Quellen soll die 12.000 qkm kleine Insel bis zur H\u00e4lfte verbrannt sein. Die Todesopfer werden auf ca. 15.000 gesch\u00e4tzt.<\/p>\n","protected":false},"excerpt":{"rendered":"<p>Auf Weisung des Imperators von Vannenheim wurde gestern eine taktische Atomwaffe \u00fcber der Stadt Ville-sur-mer auf der Insel Vyum\u00f6 abgeworfen. Die Insel hatte sich zuvor als autonom erkl\u00e4rt, kurz nach dem Einmarsch Irkaniens. Aus unbest\u00e4tigten Quellen soll die 12.000 qkm kleine Insel bis zur H\u00e4lfte verbrannt sein. Die Todesopfer werden auf ca. 15.000 gesch\u00e4tzt.<\/p>\n","protected":false},"author":123,"featured_media":0,"comment_status":"open","ping_status":"closed","sticky":false,"template":"","format":"standard","meta":{"_crdt_document":"","footnotes":""},"categories":[1],"tags":[],"class_list":["post-734","post","type-post","status-publish","format-standard","hentry","category-international"],"_links":{"self":[{"href":"https:\/\/www.mn-nachrichten.de\/index.php?rest_route=\/wp\/v2\/posts\/734","targetHints":{"allow":["GET"]}}],"collection":[{"href":"https:\/\/www.mn-nachrichten.de\/index.php?rest_route=\/wp\/v2\/posts"}],"about":[{"href":"https:\/\/www.mn-nachrichten.de\/index.php?rest_route=\/wp\/v2\/types\/post"}],"author":[{"embeddable":true,"href":"https:\/\/www.mn-nachrichten.de\/index.php?rest_route=\/wp\/v2\/users\/123"}],"replies":[{"embeddable":true,"href":"https:\/\/www.mn-nachrichten.de\/index.php?rest_route=%2Fwp%2Fv2%2Fcomments&post=734"}],"version-history":[{"count":0,"href":"https:\/\/www.mn-nachrichten.de\/index.php?rest_route=\/wp\/v2\/posts\/734\/revisions"}],"wp:attachment":[{"href":"https:\/\/www.mn-nachrichten.de\/index.php?rest_route=%2Fwp%2Fv2%2Fmedia&parent=734"}],"wp:term":[{"taxonomy":"category","embeddable":true,"href":"https:\/\/www.mn-nachrichten.de\/index.php?rest_route=%2Fwp%2Fv2%2Fcategories&post=734"},{"taxonomy":"post_tag","embeddable":true,"href":"https:\/\/www.mn-nachrichten.de\/index.php?rest_route=%2Fwp%2Fv2%2Ftags&post=734"}],"curies":[{"name":"wp","href":"https:\/\/api.w.org\/{rel}","templated":true}]}}