{"id":716,"date":"2008-02-20T20:03:29","date_gmt":"2008-02-20T19:03:29","guid":{"rendered":"http:\/\/www.mn-nachrichten.de\/?p=716"},"modified":"2008-09-22T07:38:13","modified_gmt":"2008-09-22T05:38:13","slug":"zakaris-zum-reichsgrosssekretar-ernannt","status":"publish","type":"post","link":"https:\/\/www.mn-nachrichten.de\/?p=716","title":{"rendered":"[Istvanien] Zak\u00e1ris zum Reichsgrosssekret\u00e4r ernannt"},"content":{"rendered":"<p>Am heutigen Abend ernannte Seine Majest\u00e4t, Andr\u00e1s der Siebte von Istvanien den nationalistische Politiker Zak\u00e1ris Razsa Jusztinin zum Reichsgrosssekret\u00e4r. Damit wurde der dritte Reichsgrosssekret\u00e4r in zwei Monaten vereidigt. Der K\u00f6nig entliess bisher s\u00e4mtliche Regierungschefs bereits nach wenigen Wochen.<br \/>\nZak\u00e1ris, der Heeresreformen und den Abbau von B\u00fcrokratie fordert will dem ein Ende setzen und das K\u00f6nigreich weiter nach vorne bringen. Das Istvanische Volk steht trotz verschiedener Krisen hinter der Entscheidung des K\u00f6nigs und hofft nun auf ein Ende der Regierungswechsel.<\/p>\n","protected":false},"excerpt":{"rendered":"<p>Am heutigen Abend ernannte Seine Majest\u00e4t, Andr\u00e1s der Siebte von Istvanien den nationalistische Politiker Zak\u00e1ris Razsa Jusztinin zum Reichsgrosssekret\u00e4r. Damit wurde der dritte Reichsgrosssekret\u00e4r in zwei Monaten vereidigt. Der K\u00f6nig entliess bisher s\u00e4mtliche Regierungschefs bereits nach wenigen Wochen. Zak\u00e1ris, der Heeresreformen und den Abbau von B\u00fcrokratie fordert will dem ein Ende setzen und das K\u00f6nigreich [&hellip;]<\/p>\n","protected":false},"author":101,"featured_media":0,"comment_status":"open","ping_status":"closed","sticky":false,"template":"","format":"standard","meta":{"_crdt_document":"","footnotes":""},"categories":[86],"tags":[],"class_list":["post-716","post","type-post","status-publish","format-standard","hentry","category-untergegangen"],"_links":{"self":[{"href":"https:\/\/www.mn-nachrichten.de\/index.php?rest_route=\/wp\/v2\/posts\/716","targetHints":{"allow":["GET"]}}],"collection":[{"href":"https:\/\/www.mn-nachrichten.de\/index.php?rest_route=\/wp\/v2\/posts"}],"about":[{"href":"https:\/\/www.mn-nachrichten.de\/index.php?rest_route=\/wp\/v2\/types\/post"}],"author":[{"embeddable":true,"href":"https:\/\/www.mn-nachrichten.de\/index.php?rest_route=\/wp\/v2\/users\/101"}],"replies":[{"embeddable":true,"href":"https:\/\/www.mn-nachrichten.de\/index.php?rest_route=%2Fwp%2Fv2%2Fcomments&post=716"}],"version-history":[{"count":1,"href":"https:\/\/www.mn-nachrichten.de\/index.php?rest_route=\/wp\/v2\/posts\/716\/revisions"}],"predecessor-version":[{"id":1206,"href":"https:\/\/www.mn-nachrichten.de\/index.php?rest_route=\/wp\/v2\/posts\/716\/revisions\/1206"}],"wp:attachment":[{"href":"https:\/\/www.mn-nachrichten.de\/index.php?rest_route=%2Fwp%2Fv2%2Fmedia&parent=716"}],"wp:term":[{"taxonomy":"category","embeddable":true,"href":"https:\/\/www.mn-nachrichten.de\/index.php?rest_route=%2Fwp%2Fv2%2Fcategories&post=716"},{"taxonomy":"post_tag","embeddable":true,"href":"https:\/\/www.mn-nachrichten.de\/index.php?rest_route=%2Fwp%2Fv2%2Ftags&post=716"}],"curies":[{"name":"wp","href":"https:\/\/api.w.org\/{rel}","templated":true}]}}