{"id":7104,"date":"2016-08-29T12:00:27","date_gmt":"2016-08-29T10:00:27","guid":{"rendered":"http:\/\/www.mn-nachrichten.de\/?p=7104"},"modified":"2016-08-29T00:43:14","modified_gmt":"2016-08-28T22:43:14","slug":"nordmark-reichsrat-setzt-landesfuersten-ab","status":"publish","type":"post","link":"https:\/\/www.mn-nachrichten.de\/?p=7104","title":{"rendered":"[Nordmark\/Tarenland] Reichsrat setzt Landesf\u00fcrsten ab"},"content":{"rendered":"<figure style=\"width: 155px\" class=\"wp-caption alignnone\"><img loading=\"lazy\" decoding=\"async\" src=\"http:\/\/dreibuergen.mikronation.de\/forum\/images\/avatars\/avatar-4546.png\" width=\"155\" height=\"175\" class \/><figcaption class=\"wp-caption-text\"><em>Ludwig von Bayern,<br \/>\nErzherzog von Geldern-Veldoril, ehemaliger K\u00f6nig der Taren<\/em><\/figcaption><\/figure>\n<p>Warudin. Die Obere Kammer des nordm\u00e4rkischen Parlaments, der Reichsrat, hat das neue Absetzungs- und Reichsverwesungsgesetz erstmals angewandt. In seiner gestrigen Sitzung beschloss das Gremium die Absetzung von Ludwig von Bayern als K\u00f6nig der Taren. Beantragt wure die Absetzung durch seine Vizek\u00f6nigin und Verwalterin des K\u00f6nigreichs, Viktoria von Parma. Vorgeworfen wird ihm, dass er kein Interesse an der Regierung seines K\u00f6nigtums hat. Seit seiner Ernennung zum K\u00f6nig der Taren war er nicht im Tareland um seinen Thron in Besitz zu nehmen.<\/p>\n<p>\u00dcber die Nachfolge debattiert zur Stunde der Reichsrat.<\/p>\n<p>Der Reichsrat setzt sich zusammen aus den Souver\u00e4nen der drei K\u00f6nigreiche, aus denen sich das Vereinigte K\u00f6nigreich der Nordmark zusammensetzt, und dem regierenden nordm\u00e4rkischen Hochk\u00f6nig bzw. ihren Vertretern. Sofern das Storting dem Beschluss nicht widerspricht, gilt die Absetzung als rechtsg\u00fcltig.<\/p>\n","protected":false},"excerpt":{"rendered":"<p>Warudin. Die Obere Kammer des nordm\u00e4rkischen Parlaments, der Reichsrat, hat das neue Absetzungs- und Reichsverwesungsgesetz erstmals angewandt. In seiner gestrigen Sitzung beschloss das Gremium die Absetzung von Ludwig von Bayern als K\u00f6nig der Taren. Beantragt wure die Absetzung durch seine Vizek\u00f6nigin und Verwalterin des K\u00f6nigreichs, Viktoria von Parma. Vorgeworfen wird ihm, dass er kein Interesse [&hellip;]<\/p>\n","protected":false},"author":148,"featured_media":0,"comment_status":"closed","ping_status":"closed","sticky":false,"template":"","format":"standard","meta":{"_crdt_document":"","footnotes":""},"categories":[50,330],"tags":[695,694,650,697,696,460,693,698,699,700,690,232,692,701],"class_list":["post-7104","post","type-post","status-publish","format-standard","hentry","category-dreiburgen","category-nordmark","tag-absetzung","tag-adel","tag-dreiburgen","tag-erzherzog","tag-geldern-veldoril","tag-konig","tag-koenig-der-taren","tag-ludwig","tag-ludwig-iv","tag-ludwig-von-bayern","tag-nordmark","tag-politik","tag-reichsrat","tag-tarenland"],"_links":{"self":[{"href":"https:\/\/www.mn-nachrichten.de\/index.php?rest_route=\/wp\/v2\/posts\/7104","targetHints":{"allow":["GET"]}}],"collection":[{"href":"https:\/\/www.mn-nachrichten.de\/index.php?rest_route=\/wp\/v2\/posts"}],"about":[{"href":"https:\/\/www.mn-nachrichten.de\/index.php?rest_route=\/wp\/v2\/types\/post"}],"author":[{"embeddable":true,"href":"https:\/\/www.mn-nachrichten.de\/index.php?rest_route=\/wp\/v2\/users\/148"}],"replies":[{"embeddable":true,"href":"https:\/\/www.mn-nachrichten.de\/index.php?rest_route=%2Fwp%2Fv2%2Fcomments&post=7104"}],"version-history":[{"count":4,"href":"https:\/\/www.mn-nachrichten.de\/index.php?rest_route=\/wp\/v2\/posts\/7104\/revisions"}],"predecessor-version":[{"id":7108,"href":"https:\/\/www.mn-nachrichten.de\/index.php?rest_route=\/wp\/v2\/posts\/7104\/revisions\/7108"}],"wp:attachment":[{"href":"https:\/\/www.mn-nachrichten.de\/index.php?rest_route=%2Fwp%2Fv2%2Fmedia&parent=7104"}],"wp:term":[{"taxonomy":"category","embeddable":true,"href":"https:\/\/www.mn-nachrichten.de\/index.php?rest_route=%2Fwp%2Fv2%2Fcategories&post=7104"},{"taxonomy":"post_tag","embeddable":true,"href":"https:\/\/www.mn-nachrichten.de\/index.php?rest_route=%2Fwp%2Fv2%2Ftags&post=7104"}],"curies":[{"name":"wp","href":"https:\/\/api.w.org\/{rel}","templated":true}]}}