{"id":71,"date":"2006-12-20T20:40:48","date_gmt":"2006-12-20T19:40:48","guid":{"rendered":"http:\/\/www.mn-nachrichten.de\/?p=71"},"modified":"2025-03-21T01:00:35","modified_gmt":"2025-03-21T00:00:35","slug":"kurzbesuch-des-uvno-general-sekretars-in-irkanien","status":"publish","type":"post","link":"https:\/\/www.mn-nachrichten.de\/?p=71","title":{"rendered":"[Irkanien] Kurzbesuch des UVNO General Sekret\u00e4rs in Irkanien"},"content":{"rendered":"<p>(IrkNA) Irkania City, Der General Sekret\u00e4r der UVNO Dr. Richard von R\u00fcdenberg ist heute in Irkania eingetroffen um die Regierung des Landes \u00fcber das Aufnahmeprozedere Irkaniens in die UVNO aufzukl\u00e4ren. Er traf hierzu mit Gro\u00dfadministrator Lande zusammen, dern nun 14 Tage Zeit hat die Zustimmung des Reichsthings einzuhohlen.<br \/>\nDr. von R\u00fcdenberg wurde von der irkanischen Bev\u00f6lkerung begeisternd empfangen und informierte sich \u00fcber das Land. Er sagte, dass er sich freuen w\u00fcrde Irkanien bald als Vollmitglied der UNVO begr\u00fc\u00dfen zu d\u00fcrfen. Er wird nun eine Reise durch das Land unternehmen um Land und Leute besser kennen zu lernen.<\/p>\n","protected":false},"excerpt":{"rendered":"<p>(IrkNA) Irkania City, Der General Sekret\u00e4r der UVNO Dr. Richard von R\u00fcdenberg ist heute in Irkania eingetroffen um die Regierung des Landes \u00fcber das Aufnahmeprozedere Irkaniens in die UVNO aufzukl\u00e4ren. Er traf hierzu mit Gro\u00dfadministrator Lande zusammen, dern nun 14 Tage Zeit hat die Zustimmung des Reichsthings einzuhohlen. Dr. von R\u00fcdenberg wurde von der irkanischen [&hellip;]<\/p>\n","protected":false},"author":42,"featured_media":0,"comment_status":"open","ping_status":"closed","sticky":false,"template":"","format":"standard","meta":{"_crdt_document":"","footnotes":""},"categories":[968],"tags":[],"class_list":["post-71","post","type-post","status-publish","format-standard","hentry","category-irkanien"],"_links":{"self":[{"href":"https:\/\/www.mn-nachrichten.de\/index.php?rest_route=\/wp\/v2\/posts\/71","targetHints":{"allow":["GET"]}}],"collection":[{"href":"https:\/\/www.mn-nachrichten.de\/index.php?rest_route=\/wp\/v2\/posts"}],"about":[{"href":"https:\/\/www.mn-nachrichten.de\/index.php?rest_route=\/wp\/v2\/types\/post"}],"author":[{"embeddable":true,"href":"https:\/\/www.mn-nachrichten.de\/index.php?rest_route=\/wp\/v2\/users\/42"}],"replies":[{"embeddable":true,"href":"https:\/\/www.mn-nachrichten.de\/index.php?rest_route=%2Fwp%2Fv2%2Fcomments&post=71"}],"version-history":[{"count":1,"href":"https:\/\/www.mn-nachrichten.de\/index.php?rest_route=\/wp\/v2\/posts\/71\/revisions"}],"predecessor-version":[{"id":10424,"href":"https:\/\/www.mn-nachrichten.de\/index.php?rest_route=\/wp\/v2\/posts\/71\/revisions\/10424"}],"wp:attachment":[{"href":"https:\/\/www.mn-nachrichten.de\/index.php?rest_route=%2Fwp%2Fv2%2Fmedia&parent=71"}],"wp:term":[{"taxonomy":"category","embeddable":true,"href":"https:\/\/www.mn-nachrichten.de\/index.php?rest_route=%2Fwp%2Fv2%2Fcategories&post=71"},{"taxonomy":"post_tag","embeddable":true,"href":"https:\/\/www.mn-nachrichten.de\/index.php?rest_route=%2Fwp%2Fv2%2Ftags&post=71"}],"curies":[{"name":"wp","href":"https:\/\/api.w.org\/{rel}","templated":true}]}}