{"id":691,"date":"2008-02-12T21:03:48","date_gmt":"2008-02-12T20:03:48","guid":{"rendered":"http:\/\/www.mn-nachrichten.de\/?p=691"},"modified":"2008-02-12T21:03:48","modified_gmt":"2008-02-12T20:03:48","slug":"dschanabath-prozess-gegen-die-dschana-berg-besetzer-wegen-landesverrat-und-terrorismus","status":"publish","type":"post","link":"https:\/\/www.mn-nachrichten.de\/?p=691","title":{"rendered":"[Dschanabath] Prozess gegen die Dschana-Berg Besetzer wegen Landesverrat und Terrorismus"},"content":{"rendered":"<p><strong>Kamaskur<\/strong><br \/>\nWie der Dschanabathische Rundfunk soeben erfahren hat, beginnt heute der Prozess gegen die 11 Besatzer des Berges Dschana, die sich unter Einsatz von Schusswaffen der R\u00e4umung widersetzt hatten.<br \/>\nAm 30.01. diesen Jahres besetzten mehr als einhundert Menschen, den Berg Dschana und forderten die Einstellung des Kupferabbaus bei diesem Berg mit der Begr\u00fcndung, dass dieser Berg f\u00fcr sie heilig sei. W\u00e4hrend das Gebiet um den Berg dann von Regierungstruppen abgeriegelt wurde, lie\u00df der Oberste Rechtsgelehrte Muhammad bin Nasser \u00f6ffentlich wissen, dass er keinerlei Gewalt w\u00fcnscht, sondern eine friedliche L\u00f6sung mit einem Gespr\u00e4ch \u00fcber einen Zwischenh\u00e4ndler bevorzugt. Die darauf folgenden Gespr\u00e4che waren wenig erfolgreich, so dass am 04.02. die Regierungstruppen von allen Seiten vor gingen und den Berg r\u00e4umten. Zuerst konnte dies ohne Probleme durchgef\u00fchrt werden. Doch ein letzter Haufen der Besatzer wehrte sich entschieden gegen dieses Vorgehen. Es kam zu einem Schusswechsel, wobei 7 M\u00e4nner auf Seiten der Besatzer und ein Soldat der Armee starben. Nun wurde ein Strafprozess gegen elf Angeklagte des letzten Widerstandes eingeleitet wegen &#8222;Landesverrat und Terrorismus&#8220;. Falls die Personen schuldig gesprochen werden, k\u00f6nnten diese zum Tode verurteilt werden. In diesem Falle w\u00fcrde es zwar noch zwei Berufungsverfahren geben, jedoch scheint eine Best\u00e4tigung des Urteils bei einer ersten Verurteilung als wahrscheinlich.<\/p>\n<p>Interessant ist hierbei die haltung des Obersten Rechtsgelehrten, da dieser versucht einen Balancakt zwischen Glauben, Kultur und Modernen Werten zu vollbringen. In diesem Sinne war er nat\u00fcrlich bem\u00fcht diesen Konflikt auf friedliche Art zu l\u00f6sen, jedoch hei\u00dft es, dass der Oberste rechtsgelehrte selbst f\u00fcr den Prozess gestimmt hat, was zu allgemeiner Verwunderung gef\u00fchrt hat. Innerhalb der Bev\u00f6lkerung ist die Meinung gespalten. Zwischen Nationalisten und Liberalen gibt es verschiedene Ansichten zu dieser Krise. Man erwartet mit Spannung die Begr\u00fcndung der Anklage und nat\u00fcrlich den Ausgang des Verfahrens.<\/p>\n","protected":false},"excerpt":{"rendered":"<p>Kamaskur Wie der Dschanabathische Rundfunk soeben erfahren hat, beginnt heute der Prozess gegen die 11 Besatzer des Berges Dschana, die sich unter Einsatz von Schusswaffen der R\u00e4umung widersetzt hatten. Am 30.01. diesen Jahres besetzten mehr als einhundert Menschen, den Berg Dschana und forderten die Einstellung des Kupferabbaus bei diesem Berg mit der Begr\u00fcndung, dass dieser [&hellip;]<\/p>\n","protected":false},"author":144,"featured_media":0,"comment_status":"open","ping_status":"closed","sticky":false,"template":"","format":"standard","meta":{"_crdt_document":"","footnotes":""},"categories":[86],"tags":[],"class_list":["post-691","post","type-post","status-publish","format-standard","hentry","category-untergegangen"],"_links":{"self":[{"href":"https:\/\/www.mn-nachrichten.de\/index.php?rest_route=\/wp\/v2\/posts\/691","targetHints":{"allow":["GET"]}}],"collection":[{"href":"https:\/\/www.mn-nachrichten.de\/index.php?rest_route=\/wp\/v2\/posts"}],"about":[{"href":"https:\/\/www.mn-nachrichten.de\/index.php?rest_route=\/wp\/v2\/types\/post"}],"author":[{"embeddable":true,"href":"https:\/\/www.mn-nachrichten.de\/index.php?rest_route=\/wp\/v2\/users\/144"}],"replies":[{"embeddable":true,"href":"https:\/\/www.mn-nachrichten.de\/index.php?rest_route=%2Fwp%2Fv2%2Fcomments&post=691"}],"version-history":[{"count":0,"href":"https:\/\/www.mn-nachrichten.de\/index.php?rest_route=\/wp\/v2\/posts\/691\/revisions"}],"wp:attachment":[{"href":"https:\/\/www.mn-nachrichten.de\/index.php?rest_route=%2Fwp%2Fv2%2Fmedia&parent=691"}],"wp:term":[{"taxonomy":"category","embeddable":true,"href":"https:\/\/www.mn-nachrichten.de\/index.php?rest_route=%2Fwp%2Fv2%2Fcategories&post=691"},{"taxonomy":"post_tag","embeddable":true,"href":"https:\/\/www.mn-nachrichten.de\/index.php?rest_route=%2Fwp%2Fv2%2Ftags&post=691"}],"curies":[{"name":"wp","href":"https:\/\/api.w.org\/{rel}","templated":true}]}}