{"id":690,"date":"2008-02-12T10:07:25","date_gmt":"2008-02-12T09:07:25","guid":{"rendered":"http:\/\/www.mn-nachrichten.de\/?p=690"},"modified":"2008-02-18T12:52:24","modified_gmt":"2008-02-18T11:52:24","slug":"pektonien-prinz-ryan-fiel-einem-attentat-zum-opfer","status":"publish","type":"post","link":"https:\/\/www.mn-nachrichten.de\/?p=690","title":{"rendered":"[Pektonien] Prinz Ryan fiel einem Attentat zum Opfer"},"content":{"rendered":"<p>Der erst 17-j\u00e4hrige Prinz des heiligen pektonischen Reiches, Ryan MacNeill fiel am 9. Februar 2008 einem Anschlag zum Opfer. Die zwei T\u00e4ter, die inzwischen ausgeforscht wurden, sind auf der Flucht und k\u00f6nnten eventuell bewaffnet sein.<br \/>\nEin Motiv f\u00fcr die Tat wurde noch nicht ermittelt. Die beiden Verbrechen sind keine Staatsb\u00fcrger Pektoniens und dort auch nicht vorbestraft.<\/p>\n<p>Die pektonische Polizei erbittet sachdienliche Hinweise an das Reichskriminalamt in Eldonburg anzugeben.<\/p>\n<p>Das Begr\u00e4bnis von Prince Ryan fand heute im familieren Kreis am k\u00f6niglichen Friedhof von Morwick Castle statt.<\/p>\n","protected":false},"excerpt":{"rendered":"<p>Der erst 17-j\u00e4hrige Prinz des heiligen pektonischen Reiches, Ryan MacNeill fiel am 9. Februar 2008 einem Anschlag zum Opfer. Die zwei T\u00e4ter, die inzwischen ausgeforscht wurden, sind auf der Flucht und k\u00f6nnten eventuell bewaffnet sein. Ein Motiv f\u00fcr die Tat wurde noch nicht ermittelt. Die beiden Verbrechen sind keine Staatsb\u00fcrger Pektoniens und dort auch nicht [&hellip;]<\/p>\n","protected":false},"author":143,"featured_media":0,"comment_status":"open","ping_status":"closed","sticky":false,"template":"","format":"standard","meta":{"_crdt_document":"","footnotes":""},"categories":[86],"tags":[],"class_list":["post-690","post","type-post","status-publish","format-standard","hentry","category-untergegangen"],"_links":{"self":[{"href":"https:\/\/www.mn-nachrichten.de\/index.php?rest_route=\/wp\/v2\/posts\/690","targetHints":{"allow":["GET"]}}],"collection":[{"href":"https:\/\/www.mn-nachrichten.de\/index.php?rest_route=\/wp\/v2\/posts"}],"about":[{"href":"https:\/\/www.mn-nachrichten.de\/index.php?rest_route=\/wp\/v2\/types\/post"}],"author":[{"embeddable":true,"href":"https:\/\/www.mn-nachrichten.de\/index.php?rest_route=\/wp\/v2\/users\/143"}],"replies":[{"embeddable":true,"href":"https:\/\/www.mn-nachrichten.de\/index.php?rest_route=%2Fwp%2Fv2%2Fcomments&post=690"}],"version-history":[{"count":0,"href":"https:\/\/www.mn-nachrichten.de\/index.php?rest_route=\/wp\/v2\/posts\/690\/revisions"}],"wp:attachment":[{"href":"https:\/\/www.mn-nachrichten.de\/index.php?rest_route=%2Fwp%2Fv2%2Fmedia&parent=690"}],"wp:term":[{"taxonomy":"category","embeddable":true,"href":"https:\/\/www.mn-nachrichten.de\/index.php?rest_route=%2Fwp%2Fv2%2Fcategories&post=690"},{"taxonomy":"post_tag","embeddable":true,"href":"https:\/\/www.mn-nachrichten.de\/index.php?rest_route=%2Fwp%2Fv2%2Ftags&post=690"}],"curies":[{"name":"wp","href":"https:\/\/api.w.org\/{rel}","templated":true}]}}