{"id":687,"date":"2008-02-11T12:03:32","date_gmt":"2008-02-11T11:03:32","guid":{"rendered":"http:\/\/www.mn-nachrichten.de\/?p=687"},"modified":"2008-02-11T12:03:32","modified_gmt":"2008-02-11T11:03:32","slug":"ascaaron-sabisko-ratharia-andro-cordanien-rkes-offiziel-gegrundet","status":"publish","type":"post","link":"https:\/\/www.mn-nachrichten.de\/?p=687","title":{"rendered":"[Ascaaron, Sabisko, Ratharia, Andro, Cordanien] RKES offiziel gegr\u00fcndet"},"content":{"rendered":"<p>Gestern haben die Staatspr\u00e4sidenten, Regierungschefs und Au\u00dfenminister der RKES L\u00e4nder, Markus Freinberger f\u00fcr die Confederaziun Ascaaruniac, Markus Gr\u00fcnblatt f\u00fcr die Minische Republik Sabisko, Lev Guorwitsch f\u00fcr das Zarenreich Andro, Franz-Josef Rommel f\u00fcr das Ratharische Reich und Barry Mayfield f\u00fcr die Demokratische Republik Cordanien den Gr\u00fcndungsvertrag unterschrieben.<br \/>\nDamit nimmt der Rat seine Arbeit auf.<\/p>\n","protected":false},"excerpt":{"rendered":"<p>Gestern haben die Staatspr\u00e4sidenten, Regierungschefs und Au\u00dfenminister der RKES L\u00e4nder, Markus Freinberger f\u00fcr die Confederaziun Ascaaruniac, Markus Gr\u00fcnblatt f\u00fcr die Minische Republik Sabisko, Lev Guorwitsch f\u00fcr das Zarenreich Andro, Franz-Josef Rommel f\u00fcr das Ratharische Reich und Barry Mayfield f\u00fcr die Demokratische Republik Cordanien den Gr\u00fcndungsvertrag unterschrieben. Damit nimmt der Rat seine Arbeit auf.<\/p>\n","protected":false},"author":123,"featured_media":0,"comment_status":"open","ping_status":"closed","sticky":false,"template":"","format":"standard","meta":{"_crdt_document":"","footnotes":""},"categories":[1],"tags":[],"class_list":["post-687","post","type-post","status-publish","format-standard","hentry","category-international"],"_links":{"self":[{"href":"https:\/\/www.mn-nachrichten.de\/index.php?rest_route=\/wp\/v2\/posts\/687","targetHints":{"allow":["GET"]}}],"collection":[{"href":"https:\/\/www.mn-nachrichten.de\/index.php?rest_route=\/wp\/v2\/posts"}],"about":[{"href":"https:\/\/www.mn-nachrichten.de\/index.php?rest_route=\/wp\/v2\/types\/post"}],"author":[{"embeddable":true,"href":"https:\/\/www.mn-nachrichten.de\/index.php?rest_route=\/wp\/v2\/users\/123"}],"replies":[{"embeddable":true,"href":"https:\/\/www.mn-nachrichten.de\/index.php?rest_route=%2Fwp%2Fv2%2Fcomments&post=687"}],"version-history":[{"count":0,"href":"https:\/\/www.mn-nachrichten.de\/index.php?rest_route=\/wp\/v2\/posts\/687\/revisions"}],"wp:attachment":[{"href":"https:\/\/www.mn-nachrichten.de\/index.php?rest_route=%2Fwp%2Fv2%2Fmedia&parent=687"}],"wp:term":[{"taxonomy":"category","embeddable":true,"href":"https:\/\/www.mn-nachrichten.de\/index.php?rest_route=%2Fwp%2Fv2%2Fcategories&post=687"},{"taxonomy":"post_tag","embeddable":true,"href":"https:\/\/www.mn-nachrichten.de\/index.php?rest_route=%2Fwp%2Fv2%2Ftags&post=687"}],"curies":[{"name":"wp","href":"https:\/\/api.w.org\/{rel}","templated":true}]}}