{"id":6729,"date":"2015-07-31T06:48:53","date_gmt":"2015-07-31T05:48:53","guid":{"rendered":"http:\/\/www.mn-nachrichten.de\/?p=6729"},"modified":"2015-07-31T06:48:53","modified_gmt":"2015-07-31T05:48:53","slug":"androdu-kuendigung-des-vertrages","status":"publish","type":"post","link":"https:\/\/www.mn-nachrichten.de\/?p=6729","title":{"rendered":"[Andro\/DU] K\u00fcndigung des Vertrages"},"content":{"rendered":"<p>Koskow &#8211; Nachdem die Duma bereits vor \u00fcber einem Monat auf bitten der androischen Regierung den Grundlagenvertrag k\u00fcndigte,  hat Pr\u00e4sident Demidow nun das entsprechende Gesetz in Kraft gesetzt. Somit gilt der gemeinsame Vertrag als aufgehoben, ab sofort l\u00e4uft die zwei w\u00f6chige K\u00fcndigungsfrist. Demidow hat die K\u00fcndigung einen Monat hinaus gez\u00f6gert um der Demokratischen Union die Chance zu geben,  einen letzten diplomatischen Versuch zu wagen,  die Beziehungen zu verbessern. Da keine Initiative ergriffen wurde, l\u00f6ste der Pr\u00e4sident den Vertrag auf. <!--more--><br \/>\nDie Aufhebung von Vertr\u00e4gen ist in Andro ein seltener Vorgang, bedonders bei noch bestehenden Staaten. Es war aber aus Sicht der Regierung n\u00f6tig, da das Vertrauen zerst\u00f6rt wurde. Gr\u00fcnde daf\u00fcr sind die permanente Provokation der DU gegen\u00fcber Andro,  Sanktionsdrohungen und Spionageaktivit\u00e4ten seitens DU Diplomaten gegen die F\u00f6deration.<\/p>\n","protected":false},"excerpt":{"rendered":"<p>Koskow &#8211; Nachdem die Duma bereits vor \u00fcber einem Monat auf bitten der androischen Regierung den Grundlagenvertrag k\u00fcndigte, hat Pr\u00e4sident Demidow nun das entsprechende Gesetz in Kraft gesetzt. Somit gilt der gemeinsame Vertrag als aufgehoben, ab sofort l\u00e4uft die zwei w\u00f6chige K\u00fcndigungsfrist. Demidow hat die K\u00fcndigung einen Monat hinaus gez\u00f6gert um der Demokratischen Union die [&hellip;]<\/p>\n","protected":false},"author":123,"featured_media":0,"comment_status":"open","ping_status":"closed","sticky":false,"template":"","format":"standard","meta":{"_crdt_document":"","footnotes":""},"categories":[42,30],"tags":[],"class_list":["post-6729","post","type-post","status-publish","format-standard","hentry","category-andro","category-demokratische-union"],"_links":{"self":[{"href":"https:\/\/www.mn-nachrichten.de\/index.php?rest_route=\/wp\/v2\/posts\/6729","targetHints":{"allow":["GET"]}}],"collection":[{"href":"https:\/\/www.mn-nachrichten.de\/index.php?rest_route=\/wp\/v2\/posts"}],"about":[{"href":"https:\/\/www.mn-nachrichten.de\/index.php?rest_route=\/wp\/v2\/types\/post"}],"author":[{"embeddable":true,"href":"https:\/\/www.mn-nachrichten.de\/index.php?rest_route=\/wp\/v2\/users\/123"}],"replies":[{"embeddable":true,"href":"https:\/\/www.mn-nachrichten.de\/index.php?rest_route=%2Fwp%2Fv2%2Fcomments&post=6729"}],"version-history":[{"count":1,"href":"https:\/\/www.mn-nachrichten.de\/index.php?rest_route=\/wp\/v2\/posts\/6729\/revisions"}],"predecessor-version":[{"id":6730,"href":"https:\/\/www.mn-nachrichten.de\/index.php?rest_route=\/wp\/v2\/posts\/6729\/revisions\/6730"}],"wp:attachment":[{"href":"https:\/\/www.mn-nachrichten.de\/index.php?rest_route=%2Fwp%2Fv2%2Fmedia&parent=6729"}],"wp:term":[{"taxonomy":"category","embeddable":true,"href":"https:\/\/www.mn-nachrichten.de\/index.php?rest_route=%2Fwp%2Fv2%2Fcategories&post=6729"},{"taxonomy":"post_tag","embeddable":true,"href":"https:\/\/www.mn-nachrichten.de\/index.php?rest_route=%2Fwp%2Fv2%2Ftags&post=6729"}],"curies":[{"name":"wp","href":"https:\/\/api.w.org\/{rel}","templated":true}]}}