{"id":658,"date":"2008-01-26T18:00:00","date_gmt":"2008-01-26T17:00:00","guid":{"rendered":"http:\/\/www.mn-nachrichten.de\/?p=658"},"modified":"2025-03-21T01:06:45","modified_gmt":"2025-03-21T00:06:45","slug":"eranien-keine-wehrpflicht","status":"publish","type":"post","link":"https:\/\/www.mn-nachrichten.de\/?p=658","title":{"rendered":"[Eranien] Keine Wehrpflicht"},"content":{"rendered":"<p><strong>Eronopel.<\/strong> Das eranische Parlament hat sich kollektiv gegen den Antrag von Pr\u00e4sident Michael Kaschinowitz ausgesprochen, eine allgemeine Wehrpflicht einzuf\u00fchren. Im Rahmen des von Kaschinowitz vorgeschlagenen Milit\u00e4rgesetzes konnten M\u00e4nner und Frauen ab dem vollendeten\u00a0achtzehnten\u00a0Lebensjahr\u00a0an\u00a0f\u00fcr\u00a0h\u00f6chstens\u00a0neun\u00a0Monate\u00a0zum\u00a0Wehr- oder aber Ersatzdienst befehligt werden. Nachdem sich drei Viertel der Abgeordneten gegen den Antrag ausgesprochen hatten, \u00e4nderte Kaschinowitz seine Vorlage entsprechend, sodass sich die &#8222;Nationalwehrmacht&#8220; jetzt nur noch aus Berufssoldaten und Reservisten zusammensetzen wird. Das Gesetz passiert h\u00f6chstwahrscheinlich die Volksvertretung.<\/p>\n","protected":false},"excerpt":{"rendered":"<p>Eronopel. Das eranische Parlament hat sich kollektiv gegen den Antrag von Pr\u00e4sident Michael Kaschinowitz ausgesprochen, eine allgemeine Wehrpflicht einzuf\u00fchren. Im Rahmen des von Kaschinowitz vorgeschlagenen Milit\u00e4rgesetzes konnten M\u00e4nner und Frauen ab dem vollendeten\u00a0achtzehnten\u00a0Lebensjahr\u00a0an\u00a0f\u00fcr\u00a0h\u00f6chstens\u00a0neun\u00a0Monate\u00a0zum\u00a0Wehr- oder aber Ersatzdienst befehligt werden. Nachdem sich drei Viertel der Abgeordneten gegen den Antrag ausgesprochen hatten, \u00e4nderte Kaschinowitz seine Vorlage entsprechend, sodass [&hellip;]<\/p>\n","protected":false},"author":135,"featured_media":0,"comment_status":"open","ping_status":"closed","sticky":false,"template":"","format":"standard","meta":{"_crdt_document":"","footnotes":""},"categories":[988],"tags":[],"class_list":["post-658","post","type-post","status-publish","format-standard","hentry","category-vormals_eranien"],"_links":{"self":[{"href":"https:\/\/www.mn-nachrichten.de\/index.php?rest_route=\/wp\/v2\/posts\/658","targetHints":{"allow":["GET"]}}],"collection":[{"href":"https:\/\/www.mn-nachrichten.de\/index.php?rest_route=\/wp\/v2\/posts"}],"about":[{"href":"https:\/\/www.mn-nachrichten.de\/index.php?rest_route=\/wp\/v2\/types\/post"}],"author":[{"embeddable":true,"href":"https:\/\/www.mn-nachrichten.de\/index.php?rest_route=\/wp\/v2\/users\/135"}],"replies":[{"embeddable":true,"href":"https:\/\/www.mn-nachrichten.de\/index.php?rest_route=%2Fwp%2Fv2%2Fcomments&post=658"}],"version-history":[{"count":1,"href":"https:\/\/www.mn-nachrichten.de\/index.php?rest_route=\/wp\/v2\/posts\/658\/revisions"}],"predecessor-version":[{"id":10441,"href":"https:\/\/www.mn-nachrichten.de\/index.php?rest_route=\/wp\/v2\/posts\/658\/revisions\/10441"}],"wp:attachment":[{"href":"https:\/\/www.mn-nachrichten.de\/index.php?rest_route=%2Fwp%2Fv2%2Fmedia&parent=658"}],"wp:term":[{"taxonomy":"category","embeddable":true,"href":"https:\/\/www.mn-nachrichten.de\/index.php?rest_route=%2Fwp%2Fv2%2Fcategories&post=658"},{"taxonomy":"post_tag","embeddable":true,"href":"https:\/\/www.mn-nachrichten.de\/index.php?rest_route=%2Fwp%2Fv2%2Ftags&post=658"}],"curies":[{"name":"wp","href":"https:\/\/api.w.org\/{rel}","templated":true}]}}