{"id":6330,"date":"2014-07-22T20:20:32","date_gmt":"2014-07-22T19:20:32","guid":{"rendered":"http:\/\/www.mn-nachrichten.de\/?p=6330"},"modified":"2014-07-22T20:20:32","modified_gmt":"2014-07-22T19:20:32","slug":"neuer-generalstabschef-in-dreibuergen","status":"publish","type":"post","link":"https:\/\/www.mn-nachrichten.de\/?p=6330","title":{"rendered":"Neuer Generalstabschef in Dreib\u00fcrgen"},"content":{"rendered":"<p style=\"text-align: justify\">Die Suche nach einem neuen Generalstabschef f\u00fcr den dreib\u00fcrgischen Reichsf\u00fchrungsstab war kurz. General Alfred Weichsel, Graf zu Steinfelde, wurde bereits in den fr\u00fchen Morgenstunden des 22.07 von seiner Majest\u00e4t dem Kaiser Friedrich Alexander I. ernannt. Seine T\u00e4tigkeit wird er im Laufe der n\u00e4chsten Tage aufnehmen k\u00f6nnen.<br \/>\nWeichsel gilt als Karriereoffizier, welcher unter den dreib\u00fcrgischen Kriegshelden von Hennberg und Berghammer herangewachsen ist und durch diese gepr\u00e4gt wurde. Weichsel selbst gilt seit langem als talentierster General des dreib\u00fcrgischen Heeres. Er erhielt Auszeichnungen f\u00fcr Eins\u00e4tze im Vanezia-Feldzug, bei der Bek\u00e4mpfung von Aufst\u00e4nden in Ostland, sowie w\u00e4hrend seines Dienstes als Divisionskommandeur der Division Kronprinz von Werthen im Dreib\u00fcrgisch-Stauffischen Krieg. Ger\u00fcchten zu Folge erhielt seine Examsarbeit f\u00fcr das Generalspatent als erste eine lobende Erw\u00e4hnung durch den Reichsmarschall, den K\u00f6nig von Werthen.<br \/>\nAnsehen errang sich General Weichsel nicht nur durch sein milit\u00e4risches Geschick, f\u00fcr welches er bereits in fr\u00fchen Jahren durch General von Hennberg gelobt wurde, sondern auch f\u00fcr sein Handlungsweise in Krisen. Allgemein gilt General Weichsel als milit\u00e4rischer Hardliner, welcher selten einen Konflikt scheut. Ob der Kaiser mit der Ernennung des Hardliners General Weichsel ein politisches Signal an die Polkonventionstaaten senden m\u00f6chte, bleibt zu beobachten.<\/p>\n","protected":false},"excerpt":{"rendered":"<p>Die Suche nach einem neuen Generalstabschef f\u00fcr den dreib\u00fcrgischen Reichsf\u00fchrungsstab war kurz. General Alfred Weichsel, Graf zu Steinfelde, wurde bereits in den fr\u00fchen Morgenstunden des 22.07 von seiner Majest\u00e4t dem Kaiser Friedrich Alexander I. ernannt. Seine T\u00e4tigkeit wird er im Laufe der n\u00e4chsten Tage aufnehmen k\u00f6nnen. Weichsel gilt als Karriereoffizier, welcher unter den dreib\u00fcrgischen Kriegshelden [&hellip;]<\/p>\n","protected":false},"author":170,"featured_media":0,"comment_status":"open","ping_status":"closed","sticky":false,"template":"","format":"standard","meta":{"_crdt_document":"","footnotes":""},"categories":[50],"tags":[],"class_list":["post-6330","post","type-post","status-publish","format-standard","hentry","category-dreiburgen"],"_links":{"self":[{"href":"https:\/\/www.mn-nachrichten.de\/index.php?rest_route=\/wp\/v2\/posts\/6330","targetHints":{"allow":["GET"]}}],"collection":[{"href":"https:\/\/www.mn-nachrichten.de\/index.php?rest_route=\/wp\/v2\/posts"}],"about":[{"href":"https:\/\/www.mn-nachrichten.de\/index.php?rest_route=\/wp\/v2\/types\/post"}],"author":[{"embeddable":true,"href":"https:\/\/www.mn-nachrichten.de\/index.php?rest_route=\/wp\/v2\/users\/170"}],"replies":[{"embeddable":true,"href":"https:\/\/www.mn-nachrichten.de\/index.php?rest_route=%2Fwp%2Fv2%2Fcomments&post=6330"}],"version-history":[{"count":3,"href":"https:\/\/www.mn-nachrichten.de\/index.php?rest_route=\/wp\/v2\/posts\/6330\/revisions"}],"predecessor-version":[{"id":6333,"href":"https:\/\/www.mn-nachrichten.de\/index.php?rest_route=\/wp\/v2\/posts\/6330\/revisions\/6333"}],"wp:attachment":[{"href":"https:\/\/www.mn-nachrichten.de\/index.php?rest_route=%2Fwp%2Fv2%2Fmedia&parent=6330"}],"wp:term":[{"taxonomy":"category","embeddable":true,"href":"https:\/\/www.mn-nachrichten.de\/index.php?rest_route=%2Fwp%2Fv2%2Fcategories&post=6330"},{"taxonomy":"post_tag","embeddable":true,"href":"https:\/\/www.mn-nachrichten.de\/index.php?rest_route=%2Fwp%2Fv2%2Ftags&post=6330"}],"curies":[{"name":"wp","href":"https:\/\/api.w.org\/{rel}","templated":true}]}}