{"id":631,"date":"2008-01-11T21:46:44","date_gmt":"2008-01-11T20:46:44","guid":{"rendered":"http:\/\/www.mn-nachrichten.de\/?p=631"},"modified":"2008-01-12T16:55:21","modified_gmt":"2008-01-12T15:55:21","slug":"tehuri-hochzeit-im-hause-wattenberg","status":"publish","type":"post","link":"https:\/\/www.mn-nachrichten.de\/?p=631","title":{"rendered":"[Tehuri] Hochzeit im Hause Wattenberg"},"content":{"rendered":"<p>Warudin. Zur Stunde findet in der vorgotsichen Gro\u00dfkapelle der F\u00fcrstlichen Residenz in Azular die Verm\u00e4hlung von Erbprinz Carl Philipp von Wattenberg und Azular und der Prinzessin Sophie von Bayern-Veldoril statt. Wieder einmal geben sich in Tehuri G\u00e4ste aus aller Welt und der internationale Hochadel die Ehre. Die Zeremonie wird geleitet vom Hochpriester Ing\u00f3lfur Ragnarsson von Lian nach altem vorgotischem Ritus.<br \/>\nUnter den G\u00e4sten befinden sich Seine Kaiserliche Majest\u00e4t Kaiser Ferdinand I. des HRR, Zar Antonin I. von Krolock, K\u00f6nig Jakob von Tehuri nebst F\u00fcrst Jasper, K\u00f6nig Jean von Loisone, Herzog Constanin von Lothian und die H\u00e4user Bayern und Wattenberg.<\/p>\n","protected":false},"excerpt":{"rendered":"<p>Warudin. Zur Stunde findet in der vorgotsichen Gro\u00dfkapelle der F\u00fcrstlichen Residenz in Azular die Verm\u00e4hlung von Erbprinz Carl Philipp von Wattenberg und Azular und der Prinzessin Sophie von Bayern-Veldoril statt. Wieder einmal geben sich in Tehuri G\u00e4ste aus aller Welt und der internationale Hochadel die Ehre. Die Zeremonie wird geleitet vom Hochpriester Ing\u00f3lfur Ragnarsson von [&hellip;]<\/p>\n","protected":false},"author":148,"featured_media":0,"comment_status":"open","ping_status":"closed","sticky":false,"template":"","format":"standard","meta":{"_crdt_document":"","footnotes":""},"categories":[7],"tags":[],"class_list":["post-631","post","type-post","status-publish","format-standard","hentry","category-sonstiges"],"_links":{"self":[{"href":"https:\/\/www.mn-nachrichten.de\/index.php?rest_route=\/wp\/v2\/posts\/631","targetHints":{"allow":["GET"]}}],"collection":[{"href":"https:\/\/www.mn-nachrichten.de\/index.php?rest_route=\/wp\/v2\/posts"}],"about":[{"href":"https:\/\/www.mn-nachrichten.de\/index.php?rest_route=\/wp\/v2\/types\/post"}],"author":[{"embeddable":true,"href":"https:\/\/www.mn-nachrichten.de\/index.php?rest_route=\/wp\/v2\/users\/148"}],"replies":[{"embeddable":true,"href":"https:\/\/www.mn-nachrichten.de\/index.php?rest_route=%2Fwp%2Fv2%2Fcomments&post=631"}],"version-history":[{"count":0,"href":"https:\/\/www.mn-nachrichten.de\/index.php?rest_route=\/wp\/v2\/posts\/631\/revisions"}],"wp:attachment":[{"href":"https:\/\/www.mn-nachrichten.de\/index.php?rest_route=%2Fwp%2Fv2%2Fmedia&parent=631"}],"wp:term":[{"taxonomy":"category","embeddable":true,"href":"https:\/\/www.mn-nachrichten.de\/index.php?rest_route=%2Fwp%2Fv2%2Fcategories&post=631"},{"taxonomy":"post_tag","embeddable":true,"href":"https:\/\/www.mn-nachrichten.de\/index.php?rest_route=%2Fwp%2Fv2%2Ftags&post=631"}],"curies":[{"name":"wp","href":"https:\/\/api.w.org\/{rel}","templated":true}]}}